{"id":1128,"date":"2017-05-09T10:29:02","date_gmt":"2017-05-09T08:29:02","guid":{"rendered":"http:\/\/cji.uniri.hr\/konferencija-raam\/"},"modified":"2017-05-16T19:43:23","modified_gmt":"2017-05-16T17:43:23","slug":"konferencija-raam","status":"publish","type":"post","link":"https:\/\/cji.uniri.hr\/en\/konferencija-raam\/","title":{"rendered":"Izlaganje Benedikta Peraka na Konferenciji RAam 6"},"content":{"rendered":"<p>Benedikt Perak prezentirat \u0107e rad pod nazivom &#8220;Emergent structures in the ontological model of the lexical concepts and constructions&#8221; na konferenciji RAam 6: &#8220;Ecological Cognition and Metaphor&#8221; u University of Southern Denmark, Odense, May 18th \u2013 19th, 2017.<br \/>\n<a href=\"http:\/\/www.sdu.dk\/om_sdu\/institutter_centre\/isk\/forskning\/forskningsprojekter\/metnet\/raam+2017 \" target=\"_blank\">Vi\u0161e informacija o konferenciji.<\/a><br \/>\n<a href=\"http:\/\/www.sdu.dk\/-\/media\/files\/om_sdu\/institutter\/isk\/forskningsprojekter\/metnet\/program_raam_2017_april+nyt.pdf\" target=\"_blank\">Program konferencije.<\/a><\/p>","protected":false},"excerpt":{"rendered":"<p>Benedikt Perak prezentirat \u0107e rad pod nazivom &#8220;Emergent structures in the ontological model of the lexical concepts and constructions&#8221; na konferenciji RAam 6: &#8220;Ecological Cognition and Metaphor&#8221; u University of Southern Denmark, Odense, May 18th \u2013 19th, 2017. Vi\u0161e informacija o konferenciji. Program konferencije.<\/p>","protected":false},"author":5,"featured_media":0,"comment_status":"closed","ping_status":"closed","sticky":false,"template":"","format":"standard","meta":{"_themeisle_gutenberg_block_has_review":false},"categories":[1],"tags":[],"yoast_head":"<!-- This site is optimized with the Yoast SEO plugin v21.0 - https:\/\/yoast.com\/wordpress\/plugins\/seo\/ -->\n<title>Izlaganje Benedikta Peraka na Konferenciji RAam 6 - Centar za jezi\u010dna istra\u017eivanja<\/title>\n<meta name=\"robots\" content=\"index, follow, max-snippet:-1, max-image-preview:large, max-video-preview:-1\" \/>\n<link rel=\"canonical\" href=\"https:\/\/cji.uniri.hr\/en\/konferencija-raam\/\" \/>\n<meta property=\"og:locale\" content=\"en_GB\" \/>\n<meta property=\"og:type\" content=\"article\" \/>\n<meta property=\"og:title\" content=\"Izlaganje Benedikta Peraka na Konferenciji RAam 6 - Centar za jezi\u010dna istra\u017eivanja\" \/>\n<meta property=\"og:description\" content=\"Benedikt Perak prezentirat \u0107e rad pod nazivom &#8220;Emergent structures in the ontological model of the lexical concepts and constructions&#8221; na konferenciji RAam 6: &#8220;Ecological Cognition and Metaphor&#8221; u University of Southern Denmark, Odense, May 18th \u2013 19th, 2017. Vi\u0161e informacija o konferenciji. Program konferencije.\" \/>\n<meta property=\"og:url\" content=\"https:\/\/cji.uniri.hr\/en\/konferencija-raam\/\" \/>\n<meta property=\"og:site_name\" content=\"Centar za jezi\u010dna istra\u017eivanja\" \/>\n<meta property=\"article:publisher\" content=\"https:\/\/www.facebook.com\/CLARIJEKA\" \/>\n<meta property=\"article:published_time\" content=\"2017-05-09T08:29:02+00:00\" \/>\n<meta property=\"article:modified_time\" content=\"2017-05-16T17:43:23+00:00\" \/>\n<meta name=\"author\" content=\"Benedikt Perak\" \/>\n<meta name=\"twitter:card\" content=\"summary_large_image\" \/>\n<meta name=\"twitter:label1\" content=\"Written by\" \/>\n\t<meta name=\"twitter:data1\" content=\"Benedikt Perak\" \/>\n<script type=\"application\/ld+json\" class=\"yoast-schema-graph\">{\"@context\":\"https:\/\/schema.org\",\"@graph\":[{\"@type\":\"Article\",\"@id\":\"https:\/\/cji.uniri.hr\/en\/konferencija-raam\/#article\",\"isPartOf\":{\"@id\":\"https:\/\/cji.uniri.hr\/en\/konferencija-raam\/\"},\"author\":{\"name\":\"Benedikt Perak\",\"@id\":\"https:\/\/cji.uniri.hr\/en\/#\/schema\/person\/9d637a80bb9ed9fcf7e9cabbcf4e4e09\"},\"headline\":\"Izlaganje Benedikta Peraka na Konferenciji RAam 6\",\"datePublished\":\"2017-05-09T08:29:02+00:00\",\"dateModified\":\"2017-05-16T17:43:23+00:00\",\"mainEntityOfPage\":{\"@id\":\"https:\/\/cji.uniri.hr\/en\/konferencija-raam\/\"},\"wordCount\":48,\"publisher\":{\"@id\":\"https:\/\/cji.uniri.hr\/en\/#organization\"},\"articleSection\":[\"Novosti\"],\"inLanguage\":\"en-GB\"},{\"@type\":\"WebPage\",\"@id\":\"https:\/\/cji.uniri.hr\/en\/konferencija-raam\/\",\"url\":\"https:\/\/cji.uniri.hr\/en\/konferencija-raam\/\",\"name\":\"Izlaganje Benedikta Peraka na Konferenciji RAam 6 - Centar za jezi\u010dna istra\u017eivanja\",\"isPartOf\":{\"@id\":\"https:\/\/cji.uniri.hr\/en\/#website\"},\"datePublished\":\"2017-05-09T08:29:02+00:00\",\"dateModified\":\"2017-05-16T17:43:23+00:00\",\"breadcrumb\":{\"@id\":\"https:\/\/cji.uniri.hr\/en\/konferencija-raam\/#breadcrumb\"},\"inLanguage\":\"en-GB\",\"potentialAction\":[{\"@type\":\"ReadAction\",\"target\":[\"https:\/\/cji.uniri.hr\/en\/konferencija-raam\/\"]}]},{\"@type\":\"BreadcrumbList\",\"@id\":\"https:\/\/cji.uniri.hr\/en\/konferencija-raam\/#breadcrumb\",\"itemListElement\":[{\"@type\":\"ListItem\",\"position\":1,\"name\":\"Po\u010detna stranica\",\"item\":\"https:\/\/cji.uniri.hr\/en\/\"},{\"@type\":\"ListItem\",\"position\":2,\"name\":\"Izlaganje Benedikta Peraka na Konferenciji RAam 6\"}]},{\"@type\":\"WebSite\",\"@id\":\"https:\/\/cji.uniri.hr\/en\/#website\",\"url\":\"https:\/\/cji.uniri.hr\/en\/\",\"name\":\"Centar za jezi\u010dna istra\u017eivanja\",\"description\":\"\",\"publisher\":{\"@id\":\"https:\/\/cji.uniri.hr\/en\/#organization\"},\"potentialAction\":[{\"@type\":\"SearchAction\",\"target\":{\"@type\":\"EntryPoint\",\"urlTemplate\":\"https:\/\/cji.uniri.hr\/en\/?s={search_term_string}\"},\"query-input\":\"required name=search_term_string\"}],\"inLanguage\":\"en-GB\"},{\"@type\":\"Organization\",\"@id\":\"https:\/\/cji.uniri.hr\/en\/#organization\",\"name\":\"Centar za jezi\u010dna istra\u017eivanja\",\"url\":\"https:\/\/cji.uniri.hr\/en\/\",\"logo\":{\"@type\":\"ImageObject\",\"inLanguage\":\"en-GB\",\"@id\":\"https:\/\/cji.uniri.hr\/en\/#\/schema\/logo\/image\/\",\"url\":\"https:\/\/cji.uniri.hr\/wp-content\/uploads\/cji_logo-removebg-preview-1-e1695380857613.png\",\"contentUrl\":\"https:\/\/cji.uniri.hr\/wp-content\/uploads\/cji_logo-removebg-preview-1-e1695380857613.png\",\"width\":170,\"height\":170,\"caption\":\"Centar za jezi\u010dna istra\u017eivanja\"},\"image\":{\"@id\":\"https:\/\/cji.uniri.hr\/en\/#\/schema\/logo\/image\/\"},\"sameAs\":[\"https:\/\/www.facebook.com\/CLARIJEKA\"]},{\"@type\":\"Person\",\"@id\":\"https:\/\/cji.uniri.hr\/en\/#\/schema\/person\/9d637a80bb9ed9fcf7e9cabbcf4e4e09\",\"name\":\"Benedikt Perak\",\"image\":{\"@type\":\"ImageObject\",\"inLanguage\":\"en-GB\",\"@id\":\"https:\/\/cji.uniri.hr\/en\/#\/schema\/person\/image\/\",\"url\":\"https:\/\/secure.gravatar.com\/avatar\/9683786c9e2289a734962581a6842850?s=96&d=mm&r=g\",\"contentUrl\":\"https:\/\/secure.gravatar.com\/avatar\/9683786c9e2289a734962581a6842850?s=96&d=mm&r=g\",\"caption\":\"Benedikt Perak\"},\"url\":\"https:\/\/cji.uniri.hr\/en\/author\/bperak\/\"}]}<\/script>\n<!-- \/ Yoast SEO plugin. -->","yoast_head_json":{"title":"Izlaganje Benedikta Peraka na Konferenciji RAam 6 - Centar za jezi\u010dna istra\u017eivanja","robots":{"index":"index","follow":"follow","max-snippet":"max-snippet:-1","max-image-preview":"max-image-preview:large","max-video-preview":"max-video-preview:-1"},"canonical":"https:\/\/cji.uniri.hr\/en\/konferencija-raam\/","og_locale":"en_GB","og_type":"article","og_title":"Izlaganje Benedikta Peraka na Konferenciji RAam 6 - Centar za jezi\u010dna istra\u017eivanja","og_description":"Benedikt Perak prezentirat \u0107e rad pod nazivom &#8220;Emergent structures in the ontological model of the lexical concepts and constructions&#8221; na konferenciji RAam 6: &#8220;Ecological Cognition and Metaphor&#8221; u University of Southern Denmark, Odense, May 18th \u2013 19th, 2017. Vi\u0161e informacija o konferenciji. Program konferencije.","og_url":"https:\/\/cji.uniri.hr\/en\/konferencija-raam\/","og_site_name":"Centar za jezi\u010dna istra\u017eivanja","article_publisher":"https:\/\/www.facebook.com\/CLARIJEKA","article_published_time":"2017-05-09T08:29:02+00:00","article_modified_time":"2017-05-16T17:43:23+00:00","author":"Benedikt Perak","twitter_card":"summary_large_image","twitter_misc":{"Written by":"Benedikt Perak"},"schema":{"@context":"https:\/\/schema.org","@graph":[{"@type":"Article","@id":"https:\/\/cji.uniri.hr\/en\/konferencija-raam\/#article","isPartOf":{"@id":"https:\/\/cji.uniri.hr\/en\/konferencija-raam\/"},"author":{"name":"Benedikt Perak","@id":"https:\/\/cji.uniri.hr\/en\/#\/schema\/person\/9d637a80bb9ed9fcf7e9cabbcf4e4e09"},"headline":"Izlaganje Benedikta Peraka na Konferenciji RAam 6","datePublished":"2017-05-09T08:29:02+00:00","dateModified":"2017-05-16T17:43:23+00:00","mainEntityOfPage":{"@id":"https:\/\/cji.uniri.hr\/en\/konferencija-raam\/"},"wordCount":48,"publisher":{"@id":"https:\/\/cji.uniri.hr\/en\/#organization"},"articleSection":["Novosti"],"inLanguage":"en-GB"},{"@type":"WebPage","@id":"https:\/\/cji.uniri.hr\/en\/konferencija-raam\/","url":"https:\/\/cji.uniri.hr\/en\/konferencija-raam\/","name":"Izlaganje Benedikta Peraka na Konferenciji RAam 6 - Centar za jezi\u010dna istra\u017eivanja","isPartOf":{"@id":"https:\/\/cji.uniri.hr\/en\/#website"},"datePublished":"2017-05-09T08:29:02+00:00","dateModified":"2017-05-16T17:43:23+00:00","breadcrumb":{"@id":"https:\/\/cji.uniri.hr\/en\/konferencija-raam\/#breadcrumb"},"inLanguage":"en-GB","potentialAction":[{"@type":"ReadAction","target":["https:\/\/cji.uniri.hr\/en\/konferencija-raam\/"]}]},{"@type":"BreadcrumbList","@id":"https:\/\/cji.uniri.hr\/en\/konferencija-raam\/#breadcrumb","itemListElement":[{"@type":"ListItem","position":1,"name":"Po\u010detna stranica","item":"https:\/\/cji.uniri.hr\/en\/"},{"@type":"ListItem","position":2,"name":"Izlaganje Benedikta Peraka na Konferenciji RAam 6"}]},{"@type":"WebSite","@id":"https:\/\/cji.uniri.hr\/en\/#website","url":"https:\/\/cji.uniri.hr\/en\/","name":"Center for Language Research","description":"","publisher":{"@id":"https:\/\/cji.uniri.hr\/en\/#organization"},"potentialAction":[{"@type":"SearchAction","target":{"@type":"EntryPoint","urlTemplate":"https:\/\/cji.uniri.hr\/en\/?s={search_term_string}"},"query-input":"required name=search_term_string"}],"inLanguage":"en-GB"},{"@type":"Organization","@id":"https:\/\/cji.uniri.hr\/en\/#organization","name":"Center for Language Research","url":"https:\/\/cji.uniri.hr\/en\/","logo":{"@type":"ImageObject","inLanguage":"en-GB","@id":"https:\/\/cji.uniri.hr\/en\/#\/schema\/logo\/image\/","url":"https:\/\/cji.uniri.hr\/wp-content\/uploads\/cji_logo-removebg-preview-1-e1695380857613.png","contentUrl":"https:\/\/cji.uniri.hr\/wp-content\/uploads\/cji_logo-removebg-preview-1-e1695380857613.png","width":170,"height":170,"caption":"Centar za jezi\u010dna istra\u017eivanja"},"image":{"@id":"https:\/\/cji.uniri.hr\/en\/#\/schema\/logo\/image\/"},"sameAs":["https:\/\/www.facebook.com\/CLARIJEKA"]},{"@type":"Person","@id":"https:\/\/cji.uniri.hr\/en\/#\/schema\/person\/9d637a80bb9ed9fcf7e9cabbcf4e4e09","name":"Benedikt Perak","image":{"@type":"ImageObject","inLanguage":"en-GB","@id":"https:\/\/cji.uniri.hr\/en\/#\/schema\/person\/image\/","url":"https:\/\/secure.gravatar.com\/avatar\/9683786c9e2289a734962581a6842850?s=96&d=mm&r=g","contentUrl":"https:\/\/secure.gravatar.com\/avatar\/9683786c9e2289a734962581a6842850?s=96&d=mm&r=g","caption":"Benedikt Perak"},"url":"https:\/\/cji.uniri.hr\/en\/author\/bperak\/"}]}},"_links":{"self":[{"href":"https:\/\/cji.uniri.hr\/en\/wp-json\/wp\/v2\/posts\/1128"}],"collection":[{"href":"https:\/\/cji.uniri.hr\/en\/wp-json\/wp\/v2\/posts"}],"about":[{"href":"https:\/\/cji.uniri.hr\/en\/wp-json\/wp\/v2\/types\/post"}],"author":[{"embeddable":true,"href":"https:\/\/cji.uniri.hr\/en\/wp-json\/wp\/v2\/users\/5"}],"replies":[{"embeddable":true,"href":"https:\/\/cji.uniri.hr\/en\/wp-json\/wp\/v2\/comments?post=1128"}],"version-history":[{"count":7,"href":"https:\/\/cji.uniri.hr\/en\/wp-json\/wp\/v2\/posts\/1128\/revisions"}],"predecessor-version":[{"id":1138,"href":"https:\/\/cji.uniri.hr\/en\/wp-json\/wp\/v2\/posts\/1128\/revisions\/1138"}],"wp:attachment":[{"href":"https:\/\/cji.uniri.hr\/en\/wp-json\/wp\/v2\/media?parent=1128"}],"wp:term":[{"taxonomy":"category","embeddable":true,"href":"https:\/\/cji.uniri.hr\/en\/wp-json\/wp\/v2\/categories?post=1128"},{"taxonomy":"post_tag","embeddable":true,"href":"https:\/\/cji.uniri.hr\/en\/wp-json\/wp\/v2\/tags?post=1128"}],"curies":[{"name":"wp","href":"https:\/\/api.w.org\/{rel}","templated":true}]}}