{"id":1150,"date":"2017-10-03T15:15:47","date_gmt":"2017-10-03T13:15:47","guid":{"rendered":"http:\/\/cji.uniri.hr\/?p=1150"},"modified":"2017-10-03T15:17:29","modified_gmt":"2017-10-03T13:17:29","slug":"poziv-za-pojedninacne-radove-i-prijedloge-panela-na-clarc2018","status":"publish","type":"post","link":"https:\/\/cji.uniri.hr\/en\/poziv-za-pojedninacne-radove-i-prijedloge-panela-na-clarc2018\/","title":{"rendered":"Poziv za pojednina\u010dne radove i prijedloge panela na CLARC2018"},"content":{"rendered":"<p>Centar za jezi\u010dna istra\u017eivanja (CJI) pri Filozofskome fakultetu u Rijeci organizira me\u0111unarodni znanstveni skup posve\u0107en pitanjima jezi\u010dne raznovstnosti.<\/p>\n<p>Perspektive jezi\u010dne raznovrsnosti<br \/>\nRijeka, 8., 9. i 10. lipnja 2018.<\/p>\n<p>Mogu\u0107nost prijave izlaganja otvorena je za bilo koju temu iz podru\u010dja jezi\u010dne raznovrsnosti bilo iz perspektive razli\u010ditih jezikoslovnih disciplina bilo iz perspektive drugih humanisti\u010dkih i dru\u0161tvenih znanosti.<\/p>\n<p><a href=\"https:\/\/cji.uniri.hr\/en\/clarc2018\/hr\/\">Vi\u0161e o\u00a0 CLARC 2018<\/a><\/p>","protected":false},"excerpt":{"rendered":"<p>Centar za jezi\u010dna istra\u017eivanja (CJI) pri Filozofskome fakultetu u Rijeci organizira me\u0111unarodni znanstveni skup posve\u0107en pitanjima jezi\u010dne raznovstnosti. Perspektive jezi\u010dne raznovrsnosti Rijeka, 8., 9. i 10. lipnja 2018. Mogu\u0107nost prijave izlaganja otvorena je za bilo koju temu iz podru\u010dja jezi\u010dne raznovrsnosti bilo iz perspektive razli\u010ditih jezikoslovnih disciplina bilo iz perspektive drugih humanisti\u010dkih i dru\u0161tvenih znanosti. [&hellip;]<\/p>\n","protected":false},"author":5,"featured_media":0,"comment_status":"closed","ping_status":"closed","sticky":false,"template":"","format":"standard","meta":{"_themeisle_gutenberg_block_has_review":false},"categories":[1],"tags":[],"yoast_head":"<!-- This site is optimized with the Yoast SEO plugin v21.0 - https:\/\/yoast.com\/wordpress\/plugins\/seo\/ -->\n<title>Poziv za pojednina\u010dne radove i prijedloge panela na CLARC2018 - Centar za jezi\u010dna istra\u017eivanja<\/title>\n<meta name=\"robots\" content=\"index, follow, max-snippet:-1, max-image-preview:large, max-video-preview:-1\" \/>\n<link rel=\"canonical\" href=\"https:\/\/cji.uniri.hr\/en\/poziv-za-pojedninacne-radove-i-prijedloge-panela-na-clarc2018\/\" \/>\n<meta property=\"og:locale\" content=\"en_GB\" \/>\n<meta property=\"og:type\" content=\"article\" \/>\n<meta property=\"og:title\" content=\"Poziv za pojednina\u010dne radove i prijedloge panela na CLARC2018 - Centar za jezi\u010dna istra\u017eivanja\" \/>\n<meta property=\"og:description\" content=\"Centar za jezi\u010dna istra\u017eivanja (CJI) pri Filozofskome fakultetu u Rijeci organizira me\u0111unarodni znanstveni skup posve\u0107en pitanjima jezi\u010dne raznovstnosti. Perspektive jezi\u010dne raznovrsnosti Rijeka, 8., 9. i 10. lipnja 2018. Mogu\u0107nost prijave izlaganja otvorena je za bilo koju temu iz podru\u010dja jezi\u010dne raznovrsnosti bilo iz perspektive razli\u010ditih jezikoslovnih disciplina bilo iz perspektive drugih humanisti\u010dkih i dru\u0161tvenih znanosti. [&hellip;]\" \/>\n<meta property=\"og:url\" content=\"https:\/\/cji.uniri.hr\/en\/poziv-za-pojedninacne-radove-i-prijedloge-panela-na-clarc2018\/\" \/>\n<meta property=\"og:site_name\" content=\"Centar za jezi\u010dna istra\u017eivanja\" \/>\n<meta property=\"article:publisher\" content=\"https:\/\/www.facebook.com\/CLARIJEKA\" \/>\n<meta property=\"article:published_time\" content=\"2017-10-03T13:15:47+00:00\" \/>\n<meta property=\"article:modified_time\" content=\"2017-10-03T13:17:29+00:00\" \/>\n<meta name=\"author\" content=\"Benedikt Perak\" \/>\n<meta name=\"twitter:card\" content=\"summary_large_image\" \/>\n<meta name=\"twitter:label1\" content=\"Written by\" \/>\n\t<meta name=\"twitter:data1\" content=\"Benedikt Perak\" \/>\n<script type=\"application\/ld+json\" class=\"yoast-schema-graph\">{\"@context\":\"https:\/\/schema.org\",\"@graph\":[{\"@type\":\"Article\",\"@id\":\"https:\/\/cji.uniri.hr\/en\/poziv-za-pojedninacne-radove-i-prijedloge-panela-na-clarc2018\/#article\",\"isPartOf\":{\"@id\":\"https:\/\/cji.uniri.hr\/en\/poziv-za-pojedninacne-radove-i-prijedloge-panela-na-clarc2018\/\"},\"author\":{\"name\":\"Benedikt Perak\",\"@id\":\"https:\/\/cji.uniri.hr\/en\/#\/schema\/person\/9d637a80bb9ed9fcf7e9cabbcf4e4e09\"},\"headline\":\"Poziv za pojednina\u010dne radove i prijedloge panela na CLARC2018\",\"datePublished\":\"2017-10-03T13:15:47+00:00\",\"dateModified\":\"2017-10-03T13:17:29+00:00\",\"mainEntityOfPage\":{\"@id\":\"https:\/\/cji.uniri.hr\/en\/poziv-za-pojedninacne-radove-i-prijedloge-panela-na-clarc2018\/\"},\"wordCount\":77,\"publisher\":{\"@id\":\"https:\/\/cji.uniri.hr\/en\/#organization\"},\"articleSection\":[\"Novosti\"],\"inLanguage\":\"en-GB\"},{\"@type\":\"WebPage\",\"@id\":\"https:\/\/cji.uniri.hr\/en\/poziv-za-pojedninacne-radove-i-prijedloge-panela-na-clarc2018\/\",\"url\":\"https:\/\/cji.uniri.hr\/en\/poziv-za-pojedninacne-radove-i-prijedloge-panela-na-clarc2018\/\",\"name\":\"Poziv za pojednina\u010dne radove i prijedloge panela na CLARC2018 - Centar za jezi\u010dna istra\u017eivanja\",\"isPartOf\":{\"@id\":\"https:\/\/cji.uniri.hr\/en\/#website\"},\"datePublished\":\"2017-10-03T13:15:47+00:00\",\"dateModified\":\"2017-10-03T13:17:29+00:00\",\"breadcrumb\":{\"@id\":\"https:\/\/cji.uniri.hr\/en\/poziv-za-pojedninacne-radove-i-prijedloge-panela-na-clarc2018\/#breadcrumb\"},\"inLanguage\":\"en-GB\",\"potentialAction\":[{\"@type\":\"ReadAction\",\"target\":[\"https:\/\/cji.uniri.hr\/en\/poziv-za-pojedninacne-radove-i-prijedloge-panela-na-clarc2018\/\"]}]},{\"@type\":\"BreadcrumbList\",\"@id\":\"https:\/\/cji.uniri.hr\/en\/poziv-za-pojedninacne-radove-i-prijedloge-panela-na-clarc2018\/#breadcrumb\",\"itemListElement\":[{\"@type\":\"ListItem\",\"position\":1,\"name\":\"Po\u010detna stranica\",\"item\":\"https:\/\/cji.uniri.hr\/en\/\"},{\"@type\":\"ListItem\",\"position\":2,\"name\":\"Poziv za pojednina\u010dne radove i prijedloge panela na CLARC2018\"}]},{\"@type\":\"WebSite\",\"@id\":\"https:\/\/cji.uniri.hr\/en\/#website\",\"url\":\"https:\/\/cji.uniri.hr\/en\/\",\"name\":\"Centar za jezi\u010dna istra\u017eivanja\",\"description\":\"\",\"publisher\":{\"@id\":\"https:\/\/cji.uniri.hr\/en\/#organization\"},\"potentialAction\":[{\"@type\":\"SearchAction\",\"target\":{\"@type\":\"EntryPoint\",\"urlTemplate\":\"https:\/\/cji.uniri.hr\/en\/?s={search_term_string}\"},\"query-input\":\"required name=search_term_string\"}],\"inLanguage\":\"en-GB\"},{\"@type\":\"Organization\",\"@id\":\"https:\/\/cji.uniri.hr\/en\/#organization\",\"name\":\"Centar za jezi\u010dna istra\u017eivanja\",\"url\":\"https:\/\/cji.uniri.hr\/en\/\",\"logo\":{\"@type\":\"ImageObject\",\"inLanguage\":\"en-GB\",\"@id\":\"https:\/\/cji.uniri.hr\/en\/#\/schema\/logo\/image\/\",\"url\":\"https:\/\/cji.uniri.hr\/wp-content\/uploads\/cji_logo-removebg-preview-1-e1695380857613.png\",\"contentUrl\":\"https:\/\/cji.uniri.hr\/wp-content\/uploads\/cji_logo-removebg-preview-1-e1695380857613.png\",\"width\":170,\"height\":170,\"caption\":\"Centar za jezi\u010dna istra\u017eivanja\"},\"image\":{\"@id\":\"https:\/\/cji.uniri.hr\/en\/#\/schema\/logo\/image\/\"},\"sameAs\":[\"https:\/\/www.facebook.com\/CLARIJEKA\"]},{\"@type\":\"Person\",\"@id\":\"https:\/\/cji.uniri.hr\/en\/#\/schema\/person\/9d637a80bb9ed9fcf7e9cabbcf4e4e09\",\"name\":\"Benedikt Perak\",\"image\":{\"@type\":\"ImageObject\",\"inLanguage\":\"en-GB\",\"@id\":\"https:\/\/cji.uniri.hr\/en\/#\/schema\/person\/image\/\",\"url\":\"https:\/\/secure.gravatar.com\/avatar\/9683786c9e2289a734962581a6842850?s=96&d=mm&r=g\",\"contentUrl\":\"https:\/\/secure.gravatar.com\/avatar\/9683786c9e2289a734962581a6842850?s=96&d=mm&r=g\",\"caption\":\"Benedikt Perak\"},\"url\":\"https:\/\/cji.uniri.hr\/en\/author\/bperak\/\"}]}<\/script>\n<!-- \/ Yoast SEO plugin. -->","yoast_head_json":{"title":"Poziv za pojednina\u010dne radove i prijedloge panela na CLARC2018 - Centar za jezi\u010dna istra\u017eivanja","robots":{"index":"index","follow":"follow","max-snippet":"max-snippet:-1","max-image-preview":"max-image-preview:large","max-video-preview":"max-video-preview:-1"},"canonical":"https:\/\/cji.uniri.hr\/en\/poziv-za-pojedninacne-radove-i-prijedloge-panela-na-clarc2018\/","og_locale":"en_GB","og_type":"article","og_title":"Poziv za pojednina\u010dne radove i prijedloge panela na CLARC2018 - Centar za jezi\u010dna istra\u017eivanja","og_description":"Centar za jezi\u010dna istra\u017eivanja (CJI) pri Filozofskome fakultetu u Rijeci organizira me\u0111unarodni znanstveni skup posve\u0107en pitanjima jezi\u010dne raznovstnosti. Perspektive jezi\u010dne raznovrsnosti Rijeka, 8., 9. i 10. lipnja 2018. Mogu\u0107nost prijave izlaganja otvorena je za bilo koju temu iz podru\u010dja jezi\u010dne raznovrsnosti bilo iz perspektive razli\u010ditih jezikoslovnih disciplina bilo iz perspektive drugih humanisti\u010dkih i dru\u0161tvenih znanosti. [&hellip;]","og_url":"https:\/\/cji.uniri.hr\/en\/poziv-za-pojedninacne-radove-i-prijedloge-panela-na-clarc2018\/","og_site_name":"Centar za jezi\u010dna istra\u017eivanja","article_publisher":"https:\/\/www.facebook.com\/CLARIJEKA","article_published_time":"2017-10-03T13:15:47+00:00","article_modified_time":"2017-10-03T13:17:29+00:00","author":"Benedikt Perak","twitter_card":"summary_large_image","twitter_misc":{"Written by":"Benedikt Perak"},"schema":{"@context":"https:\/\/schema.org","@graph":[{"@type":"Article","@id":"https:\/\/cji.uniri.hr\/en\/poziv-za-pojedninacne-radove-i-prijedloge-panela-na-clarc2018\/#article","isPartOf":{"@id":"https:\/\/cji.uniri.hr\/en\/poziv-za-pojedninacne-radove-i-prijedloge-panela-na-clarc2018\/"},"author":{"name":"Benedikt Perak","@id":"https:\/\/cji.uniri.hr\/en\/#\/schema\/person\/9d637a80bb9ed9fcf7e9cabbcf4e4e09"},"headline":"Poziv za pojednina\u010dne radove i prijedloge panela na CLARC2018","datePublished":"2017-10-03T13:15:47+00:00","dateModified":"2017-10-03T13:17:29+00:00","mainEntityOfPage":{"@id":"https:\/\/cji.uniri.hr\/en\/poziv-za-pojedninacne-radove-i-prijedloge-panela-na-clarc2018\/"},"wordCount":77,"publisher":{"@id":"https:\/\/cji.uniri.hr\/en\/#organization"},"articleSection":["Novosti"],"inLanguage":"en-GB"},{"@type":"WebPage","@id":"https:\/\/cji.uniri.hr\/en\/poziv-za-pojedninacne-radove-i-prijedloge-panela-na-clarc2018\/","url":"https:\/\/cji.uniri.hr\/en\/poziv-za-pojedninacne-radove-i-prijedloge-panela-na-clarc2018\/","name":"Poziv za pojednina\u010dne radove i prijedloge panela na CLARC2018 - Centar za jezi\u010dna istra\u017eivanja","isPartOf":{"@id":"https:\/\/cji.uniri.hr\/en\/#website"},"datePublished":"2017-10-03T13:15:47+00:00","dateModified":"2017-10-03T13:17:29+00:00","breadcrumb":{"@id":"https:\/\/cji.uniri.hr\/en\/poziv-za-pojedninacne-radove-i-prijedloge-panela-na-clarc2018\/#breadcrumb"},"inLanguage":"en-GB","potentialAction":[{"@type":"ReadAction","target":["https:\/\/cji.uniri.hr\/en\/poziv-za-pojedninacne-radove-i-prijedloge-panela-na-clarc2018\/"]}]},{"@type":"BreadcrumbList","@id":"https:\/\/cji.uniri.hr\/en\/poziv-za-pojedninacne-radove-i-prijedloge-panela-na-clarc2018\/#breadcrumb","itemListElement":[{"@type":"ListItem","position":1,"name":"Po\u010detna stranica","item":"https:\/\/cji.uniri.hr\/en\/"},{"@type":"ListItem","position":2,"name":"Poziv za pojednina\u010dne radove i prijedloge panela na CLARC2018"}]},{"@type":"WebSite","@id":"https:\/\/cji.uniri.hr\/en\/#website","url":"https:\/\/cji.uniri.hr\/en\/","name":"Center for Language Research","description":"","publisher":{"@id":"https:\/\/cji.uniri.hr\/en\/#organization"},"potentialAction":[{"@type":"SearchAction","target":{"@type":"EntryPoint","urlTemplate":"https:\/\/cji.uniri.hr\/en\/?s={search_term_string}"},"query-input":"required name=search_term_string"}],"inLanguage":"en-GB"},{"@type":"Organization","@id":"https:\/\/cji.uniri.hr\/en\/#organization","name":"Center for Language Research","url":"https:\/\/cji.uniri.hr\/en\/","logo":{"@type":"ImageObject","inLanguage":"en-GB","@id":"https:\/\/cji.uniri.hr\/en\/#\/schema\/logo\/image\/","url":"https:\/\/cji.uniri.hr\/wp-content\/uploads\/cji_logo-removebg-preview-1-e1695380857613.png","contentUrl":"https:\/\/cji.uniri.hr\/wp-content\/uploads\/cji_logo-removebg-preview-1-e1695380857613.png","width":170,"height":170,"caption":"Centar za jezi\u010dna istra\u017eivanja"},"image":{"@id":"https:\/\/cji.uniri.hr\/en\/#\/schema\/logo\/image\/"},"sameAs":["https:\/\/www.facebook.com\/CLARIJEKA"]},{"@type":"Person","@id":"https:\/\/cji.uniri.hr\/en\/#\/schema\/person\/9d637a80bb9ed9fcf7e9cabbcf4e4e09","name":"Benedikt Perak","image":{"@type":"ImageObject","inLanguage":"en-GB","@id":"https:\/\/cji.uniri.hr\/en\/#\/schema\/person\/image\/","url":"https:\/\/secure.gravatar.com\/avatar\/9683786c9e2289a734962581a6842850?s=96&d=mm&r=g","contentUrl":"https:\/\/secure.gravatar.com\/avatar\/9683786c9e2289a734962581a6842850?s=96&d=mm&r=g","caption":"Benedikt Perak"},"url":"https:\/\/cji.uniri.hr\/en\/author\/bperak\/"}]}},"_links":{"self":[{"href":"https:\/\/cji.uniri.hr\/en\/wp-json\/wp\/v2\/posts\/1150"}],"collection":[{"href":"https:\/\/cji.uniri.hr\/en\/wp-json\/wp\/v2\/posts"}],"about":[{"href":"https:\/\/cji.uniri.hr\/en\/wp-json\/wp\/v2\/types\/post"}],"author":[{"embeddable":true,"href":"https:\/\/cji.uniri.hr\/en\/wp-json\/wp\/v2\/users\/5"}],"replies":[{"embeddable":true,"href":"https:\/\/cji.uniri.hr\/en\/wp-json\/wp\/v2\/comments?post=1150"}],"version-history":[{"count":3,"href":"https:\/\/cji.uniri.hr\/en\/wp-json\/wp\/v2\/posts\/1150\/revisions"}],"predecessor-version":[{"id":1153,"href":"https:\/\/cji.uniri.hr\/en\/wp-json\/wp\/v2\/posts\/1150\/revisions\/1153"}],"wp:attachment":[{"href":"https:\/\/cji.uniri.hr\/en\/wp-json\/wp\/v2\/media?parent=1150"}],"wp:term":[{"taxonomy":"category","embeddable":true,"href":"https:\/\/cji.uniri.hr\/en\/wp-json\/wp\/v2\/categories?post=1150"},{"taxonomy":"post_tag","embeddable":true,"href":"https:\/\/cji.uniri.hr\/en\/wp-json\/wp\/v2\/tags?post=1150"}],"curies":[{"name":"wp","href":"https:\/\/api.w.org\/{rel}","templated":true}]}}