{"id":2162,"date":"2022-11-29T15:09:17","date_gmt":"2022-11-29T14:09:17","guid":{"rendered":"https:\/\/cji.uniri.hr\/?p=2162"},"modified":"2022-11-29T15:22:56","modified_gmt":"2022-11-29T14:22:56","slug":"dodjela-nagrade-sveucilista-u-rijeci-za-zivotno-djelo-diana-stolac","status":"publish","type":"post","link":"https:\/\/cji.uniri.hr\/en\/dodjela-nagrade-sveucilista-u-rijeci-za-zivotno-djelo-diana-stolac\/","title":{"rendered":"Lifetime Achievement Award: Diana Stolac"},"content":{"rendered":"<div id=\"wp-block-themeisle-blocks-advanced-columns-e6ce3bc4\" class=\"wp-block-themeisle-blocks-advanced-columns has-2-columns has-desktop-oneTwo-layout has-tablet-equal-layout has-mobile-collapsedRows-layout has-vertical-center\"><div class=\"wp-block-themeisle-blocks-advanced-columns-overlay\"><\/div><div class=\"innerblocks-wrap\">\n<div id=\"wp-block-themeisle-blocks-advanced-column-5f42b311\" class=\"wp-block-themeisle-blocks-advanced-column\"><\/div>\n\n\n\n<div id=\"wp-block-themeisle-blocks-advanced-column-05c77f7c\" class=\"wp-block-themeisle-blocks-advanced-column\"><\/div>\n<\/div><\/div>\n\n\n\n<figure class=\"wp-block-image aligncenter size-full\"><img decoding=\"async\" loading=\"lazy\" width=\"150\" height=\"150\" src=\"https:\/\/cji.uniri.hr\/wp-content\/uploads\/stolac-75x75.jpg\" alt=\"\" class=\"wp-image-374\"\/><figcaption>professor ememeritus Diana Stolac<\/figcaption><\/figure>\n\n\n\n<p>Long-time member and former head of the Center for Language Research, professor emeritus <a rel=\"noreferrer noopener\" href=\"https:\/\/www.bib.irb.hr\/pregled\/profil\/11682\" data-type=\"URL\" data-id=\"https:\/\/www.bib.irb.hr\/pregled\/profil\/11682\" target=\"_blank\">Diana Stolac<\/a> was awarded the Lifetime Achievement Award of the University of Rijeka on November 23, 2022. We proudly congratulate the esteemed professor and dear colleague!<\/p>\n\n\n\n<p><\/p>","protected":false},"excerpt":{"rendered":"<p>Dugogodi\u0161nja \u010dlanica i biv\u0161a voditeljica Centra za jezi\u010dna istra\u017eivanja, professor emeritus Diana Stolac nagra\u0111ena je 23.studenoga 2022. godine Nagradom Sveu\u010dili\u0161ta u Rijeci za \u017eivotno djelo. S ponosom \u010destitamo cijenjenoj profesorici i dragoj kolegici!<\/p>","protected":false},"author":2,"featured_media":0,"comment_status":"closed","ping_status":"closed","sticky":false,"template":"","format":"standard","meta":{"_themeisle_gutenberg_block_has_review":false},"categories":[1],"tags":[],"yoast_head":"<!-- This site is optimized with the Yoast SEO plugin v21.0 - https:\/\/yoast.com\/wordpress\/plugins\/seo\/ -->\n<title>Dodjela Nagrade Sveu\u010dili\u0161ta u Rijeci za \u017eivotno djelo: Diana Stolac - Centar za jezi\u010dna istra\u017eivanja<\/title>\n<meta name=\"robots\" content=\"index, follow, max-snippet:-1, max-image-preview:large, max-video-preview:-1\" \/>\n<link rel=\"canonical\" href=\"https:\/\/cji.uniri.hr\/en\/dodjela-nagrade-sveucilista-u-rijeci-za-zivotno-djelo-diana-stolac\/\" \/>\n<meta property=\"og:locale\" content=\"en_GB\" \/>\n<meta property=\"og:type\" content=\"article\" \/>\n<meta property=\"og:title\" content=\"Dodjela Nagrade Sveu\u010dili\u0161ta u Rijeci za \u017eivotno djelo: Diana Stolac - Centar za jezi\u010dna istra\u017eivanja\" \/>\n<meta property=\"og:description\" content=\"Dugogodi\u0161nja \u010dlanica i biv\u0161a voditeljica Centra za jezi\u010dna istra\u017eivanja, professor emeritus Diana Stolac nagra\u0111ena je 23.studenoga 2022. godine Nagradom Sveu\u010dili\u0161ta u Rijeci za \u017eivotno djelo. S ponosom \u010destitamo cijenjenoj profesorici i dragoj kolegici!\" \/>\n<meta property=\"og:url\" content=\"https:\/\/cji.uniri.hr\/en\/dodjela-nagrade-sveucilista-u-rijeci-za-zivotno-djelo-diana-stolac\/\" \/>\n<meta property=\"og:site_name\" content=\"Centar za jezi\u010dna istra\u017eivanja\" \/>\n<meta property=\"article:publisher\" content=\"https:\/\/www.facebook.com\/CLARIJEKA\" \/>\n<meta property=\"article:published_time\" content=\"2022-11-29T14:09:17+00:00\" \/>\n<meta property=\"article:modified_time\" content=\"2022-11-29T14:22:56+00:00\" \/>\n<meta property=\"og:image\" content=\"https:\/\/cji.uniri.hr\/wp-content\/uploads\/stolac-75x75.jpg\" \/>\n<meta name=\"author\" content=\"Benedikt Perak\" \/>\n<meta name=\"twitter:card\" content=\"summary_large_image\" \/>\n<meta name=\"twitter:label1\" content=\"Written by\" \/>\n\t<meta name=\"twitter:data1\" content=\"Benedikt Perak\" \/>\n<script type=\"application\/ld+json\" class=\"yoast-schema-graph\">{\"@context\":\"https:\/\/schema.org\",\"@graph\":[{\"@type\":\"Article\",\"@id\":\"https:\/\/cji.uniri.hr\/en\/dodjela-nagrade-sveucilista-u-rijeci-za-zivotno-djelo-diana-stolac\/#article\",\"isPartOf\":{\"@id\":\"https:\/\/cji.uniri.hr\/en\/dodjela-nagrade-sveucilista-u-rijeci-za-zivotno-djelo-diana-stolac\/\"},\"author\":{\"name\":\"Benedikt Perak\",\"@id\":\"https:\/\/cji.uniri.hr\/en\/#\/schema\/person\/f29f864f741125e460e39c431a827f57\"},\"headline\":\"Dodjela Nagrade Sveu\u010dili\u0161ta u Rijeci za \u017eivotno djelo: Diana Stolac\",\"datePublished\":\"2022-11-29T14:09:17+00:00\",\"dateModified\":\"2022-11-29T14:22:56+00:00\",\"mainEntityOfPage\":{\"@id\":\"https:\/\/cji.uniri.hr\/en\/dodjela-nagrade-sveucilista-u-rijeci-za-zivotno-djelo-diana-stolac\/\"},\"wordCount\":55,\"publisher\":{\"@id\":\"https:\/\/cji.uniri.hr\/en\/#organization\"},\"articleSection\":[\"Novosti\"],\"inLanguage\":\"en-GB\"},{\"@type\":\"WebPage\",\"@id\":\"https:\/\/cji.uniri.hr\/en\/dodjela-nagrade-sveucilista-u-rijeci-za-zivotno-djelo-diana-stolac\/\",\"url\":\"https:\/\/cji.uniri.hr\/en\/dodjela-nagrade-sveucilista-u-rijeci-za-zivotno-djelo-diana-stolac\/\",\"name\":\"Dodjela Nagrade Sveu\u010dili\u0161ta u Rijeci za \u017eivotno djelo: Diana Stolac - Centar za jezi\u010dna istra\u017eivanja\",\"isPartOf\":{\"@id\":\"https:\/\/cji.uniri.hr\/en\/#website\"},\"datePublished\":\"2022-11-29T14:09:17+00:00\",\"dateModified\":\"2022-11-29T14:22:56+00:00\",\"breadcrumb\":{\"@id\":\"https:\/\/cji.uniri.hr\/en\/dodjela-nagrade-sveucilista-u-rijeci-za-zivotno-djelo-diana-stolac\/#breadcrumb\"},\"inLanguage\":\"en-GB\",\"potentialAction\":[{\"@type\":\"ReadAction\",\"target\":[\"https:\/\/cji.uniri.hr\/en\/dodjela-nagrade-sveucilista-u-rijeci-za-zivotno-djelo-diana-stolac\/\"]}]},{\"@type\":\"BreadcrumbList\",\"@id\":\"https:\/\/cji.uniri.hr\/en\/dodjela-nagrade-sveucilista-u-rijeci-za-zivotno-djelo-diana-stolac\/#breadcrumb\",\"itemListElement\":[{\"@type\":\"ListItem\",\"position\":1,\"name\":\"Po\u010detna stranica\",\"item\":\"https:\/\/cji.uniri.hr\/en\/\"},{\"@type\":\"ListItem\",\"position\":2,\"name\":\"Dodjela Nagrade Sveu\u010dili\u0161ta u Rijeci za \u017eivotno djelo: Diana Stolac\"}]},{\"@type\":\"WebSite\",\"@id\":\"https:\/\/cji.uniri.hr\/en\/#website\",\"url\":\"https:\/\/cji.uniri.hr\/en\/\",\"name\":\"Centar za jezi\u010dna istra\u017eivanja\",\"description\":\"\",\"publisher\":{\"@id\":\"https:\/\/cji.uniri.hr\/en\/#organization\"},\"potentialAction\":[{\"@type\":\"SearchAction\",\"target\":{\"@type\":\"EntryPoint\",\"urlTemplate\":\"https:\/\/cji.uniri.hr\/en\/?s={search_term_string}\"},\"query-input\":\"required name=search_term_string\"}],\"inLanguage\":\"en-GB\"},{\"@type\":\"Organization\",\"@id\":\"https:\/\/cji.uniri.hr\/en\/#organization\",\"name\":\"Centar za jezi\u010dna istra\u017eivanja\",\"url\":\"https:\/\/cji.uniri.hr\/en\/\",\"logo\":{\"@type\":\"ImageObject\",\"inLanguage\":\"en-GB\",\"@id\":\"https:\/\/cji.uniri.hr\/en\/#\/schema\/logo\/image\/\",\"url\":\"https:\/\/cji.uniri.hr\/wp-content\/uploads\/cji_logo-removebg-preview-1-e1695380857613.png\",\"contentUrl\":\"https:\/\/cji.uniri.hr\/wp-content\/uploads\/cji_logo-removebg-preview-1-e1695380857613.png\",\"width\":170,\"height\":170,\"caption\":\"Centar za jezi\u010dna istra\u017eivanja\"},\"image\":{\"@id\":\"https:\/\/cji.uniri.hr\/en\/#\/schema\/logo\/image\/\"},\"sameAs\":[\"https:\/\/www.facebook.com\/CLARIJEKA\"]},{\"@type\":\"Person\",\"@id\":\"https:\/\/cji.uniri.hr\/en\/#\/schema\/person\/f29f864f741125e460e39c431a827f57\",\"name\":\"Benedikt Perak\",\"image\":{\"@type\":\"ImageObject\",\"inLanguage\":\"en-GB\",\"@id\":\"https:\/\/cji.uniri.hr\/en\/#\/schema\/person\/image\/\",\"url\":\"https:\/\/secure.gravatar.com\/avatar\/f2ccf2037f7117023caf6040ac20e45a?s=96&d=mm&r=g\",\"contentUrl\":\"https:\/\/secure.gravatar.com\/avatar\/f2ccf2037f7117023caf6040ac20e45a?s=96&d=mm&r=g\",\"caption\":\"Benedikt Perak\"},\"url\":\"https:\/\/cji.uniri.hr\/en\/author\/cjiadmin\/\"}]}<\/script>\n<!-- \/ Yoast SEO plugin. -->","yoast_head_json":{"title":"Dodjela Nagrade Sveu\u010dili\u0161ta u Rijeci za \u017eivotno djelo: Diana Stolac - Centar za jezi\u010dna istra\u017eivanja","robots":{"index":"index","follow":"follow","max-snippet":"max-snippet:-1","max-image-preview":"max-image-preview:large","max-video-preview":"max-video-preview:-1"},"canonical":"https:\/\/cji.uniri.hr\/en\/dodjela-nagrade-sveucilista-u-rijeci-za-zivotno-djelo-diana-stolac\/","og_locale":"en_GB","og_type":"article","og_title":"Dodjela Nagrade Sveu\u010dili\u0161ta u Rijeci za \u017eivotno djelo: Diana Stolac - Centar za jezi\u010dna istra\u017eivanja","og_description":"Dugogodi\u0161nja \u010dlanica i biv\u0161a voditeljica Centra za jezi\u010dna istra\u017eivanja, professor emeritus Diana Stolac nagra\u0111ena je 23.studenoga 2022. godine Nagradom Sveu\u010dili\u0161ta u Rijeci za \u017eivotno djelo. S ponosom \u010destitamo cijenjenoj profesorici i dragoj kolegici!","og_url":"https:\/\/cji.uniri.hr\/en\/dodjela-nagrade-sveucilista-u-rijeci-za-zivotno-djelo-diana-stolac\/","og_site_name":"Centar za jezi\u010dna istra\u017eivanja","article_publisher":"https:\/\/www.facebook.com\/CLARIJEKA","article_published_time":"2022-11-29T14:09:17+00:00","article_modified_time":"2022-11-29T14:22:56+00:00","og_image":[{"url":"https:\/\/cji.uniri.hr\/wp-content\/uploads\/stolac-75x75.jpg"}],"author":"Benedikt Perak","twitter_card":"summary_large_image","twitter_misc":{"Written by":"Benedikt Perak"},"schema":{"@context":"https:\/\/schema.org","@graph":[{"@type":"Article","@id":"https:\/\/cji.uniri.hr\/en\/dodjela-nagrade-sveucilista-u-rijeci-za-zivotno-djelo-diana-stolac\/#article","isPartOf":{"@id":"https:\/\/cji.uniri.hr\/en\/dodjela-nagrade-sveucilista-u-rijeci-za-zivotno-djelo-diana-stolac\/"},"author":{"name":"Benedikt Perak","@id":"https:\/\/cji.uniri.hr\/en\/#\/schema\/person\/f29f864f741125e460e39c431a827f57"},"headline":"Dodjela Nagrade Sveu\u010dili\u0161ta u Rijeci za \u017eivotno djelo: Diana Stolac","datePublished":"2022-11-29T14:09:17+00:00","dateModified":"2022-11-29T14:22:56+00:00","mainEntityOfPage":{"@id":"https:\/\/cji.uniri.hr\/en\/dodjela-nagrade-sveucilista-u-rijeci-za-zivotno-djelo-diana-stolac\/"},"wordCount":55,"publisher":{"@id":"https:\/\/cji.uniri.hr\/en\/#organization"},"articleSection":["Novosti"],"inLanguage":"en-GB"},{"@type":"WebPage","@id":"https:\/\/cji.uniri.hr\/en\/dodjela-nagrade-sveucilista-u-rijeci-za-zivotno-djelo-diana-stolac\/","url":"https:\/\/cji.uniri.hr\/en\/dodjela-nagrade-sveucilista-u-rijeci-za-zivotno-djelo-diana-stolac\/","name":"Dodjela Nagrade Sveu\u010dili\u0161ta u Rijeci za \u017eivotno djelo: Diana Stolac - Centar za jezi\u010dna istra\u017eivanja","isPartOf":{"@id":"https:\/\/cji.uniri.hr\/en\/#website"},"datePublished":"2022-11-29T14:09:17+00:00","dateModified":"2022-11-29T14:22:56+00:00","breadcrumb":{"@id":"https:\/\/cji.uniri.hr\/en\/dodjela-nagrade-sveucilista-u-rijeci-za-zivotno-djelo-diana-stolac\/#breadcrumb"},"inLanguage":"en-GB","potentialAction":[{"@type":"ReadAction","target":["https:\/\/cji.uniri.hr\/en\/dodjela-nagrade-sveucilista-u-rijeci-za-zivotno-djelo-diana-stolac\/"]}]},{"@type":"BreadcrumbList","@id":"https:\/\/cji.uniri.hr\/en\/dodjela-nagrade-sveucilista-u-rijeci-za-zivotno-djelo-diana-stolac\/#breadcrumb","itemListElement":[{"@type":"ListItem","position":1,"name":"Po\u010detna stranica","item":"https:\/\/cji.uniri.hr\/en\/"},{"@type":"ListItem","position":2,"name":"Dodjela Nagrade Sveu\u010dili\u0161ta u Rijeci za \u017eivotno djelo: Diana Stolac"}]},{"@type":"WebSite","@id":"https:\/\/cji.uniri.hr\/en\/#website","url":"https:\/\/cji.uniri.hr\/en\/","name":"Center for Language Research","description":"","publisher":{"@id":"https:\/\/cji.uniri.hr\/en\/#organization"},"potentialAction":[{"@type":"SearchAction","target":{"@type":"EntryPoint","urlTemplate":"https:\/\/cji.uniri.hr\/en\/?s={search_term_string}"},"query-input":"required name=search_term_string"}],"inLanguage":"en-GB"},{"@type":"Organization","@id":"https:\/\/cji.uniri.hr\/en\/#organization","name":"Center for Language Research","url":"https:\/\/cji.uniri.hr\/en\/","logo":{"@type":"ImageObject","inLanguage":"en-GB","@id":"https:\/\/cji.uniri.hr\/en\/#\/schema\/logo\/image\/","url":"https:\/\/cji.uniri.hr\/wp-content\/uploads\/cji_logo-removebg-preview-1-e1695380857613.png","contentUrl":"https:\/\/cji.uniri.hr\/wp-content\/uploads\/cji_logo-removebg-preview-1-e1695380857613.png","width":170,"height":170,"caption":"Centar za jezi\u010dna istra\u017eivanja"},"image":{"@id":"https:\/\/cji.uniri.hr\/en\/#\/schema\/logo\/image\/"},"sameAs":["https:\/\/www.facebook.com\/CLARIJEKA"]},{"@type":"Person","@id":"https:\/\/cji.uniri.hr\/en\/#\/schema\/person\/f29f864f741125e460e39c431a827f57","name":"Benedikt Perak","image":{"@type":"ImageObject","inLanguage":"en-GB","@id":"https:\/\/cji.uniri.hr\/en\/#\/schema\/person\/image\/","url":"https:\/\/secure.gravatar.com\/avatar\/f2ccf2037f7117023caf6040ac20e45a?s=96&d=mm&r=g","contentUrl":"https:\/\/secure.gravatar.com\/avatar\/f2ccf2037f7117023caf6040ac20e45a?s=96&d=mm&r=g","caption":"Benedikt Perak"},"url":"https:\/\/cji.uniri.hr\/en\/author\/cjiadmin\/"}]}},"_links":{"self":[{"href":"https:\/\/cji.uniri.hr\/en\/wp-json\/wp\/v2\/posts\/2162"}],"collection":[{"href":"https:\/\/cji.uniri.hr\/en\/wp-json\/wp\/v2\/posts"}],"about":[{"href":"https:\/\/cji.uniri.hr\/en\/wp-json\/wp\/v2\/types\/post"}],"author":[{"embeddable":true,"href":"https:\/\/cji.uniri.hr\/en\/wp-json\/wp\/v2\/users\/2"}],"replies":[{"embeddable":true,"href":"https:\/\/cji.uniri.hr\/en\/wp-json\/wp\/v2\/comments?post=2162"}],"version-history":[{"count":6,"href":"https:\/\/cji.uniri.hr\/en\/wp-json\/wp\/v2\/posts\/2162\/revisions"}],"predecessor-version":[{"id":2171,"href":"https:\/\/cji.uniri.hr\/en\/wp-json\/wp\/v2\/posts\/2162\/revisions\/2171"}],"wp:attachment":[{"href":"https:\/\/cji.uniri.hr\/en\/wp-json\/wp\/v2\/media?parent=2162"}],"wp:term":[{"taxonomy":"category","embeddable":true,"href":"https:\/\/cji.uniri.hr\/en\/wp-json\/wp\/v2\/categories?post=2162"},{"taxonomy":"post_tag","embeddable":true,"href":"https:\/\/cji.uniri.hr\/en\/wp-json\/wp\/v2\/tags?post=2162"}],"curies":[{"name":"wp","href":"https:\/\/api.w.org\/{rel}","templated":true}]}}