{"id":2288,"date":"2022-12-12T06:27:18","date_gmt":"2022-12-12T05:27:18","guid":{"rendered":"https:\/\/cji.uniri.hr\/?p=2288"},"modified":"2023-02-07T14:33:06","modified_gmt":"2023-02-07T13:33:06","slug":"ffri-predavanje-jezik-dijalekt-varijetet-kako-kome-zasto-rezervirati-mjesto-u-rezervatu","status":"publish","type":"post","link":"https:\/\/cji.uniri.hr\/en\/ffri-predavanje-jezik-dijalekt-varijetet-kako-kome-zasto-rezervirati-mjesto-u-rezervatu\/","title":{"rendered":"FFRI Predavanje Jezik, dijalekt, varijetet: kako, kome, za\u0161to\u2026 rezervirati mjesto u rezervatu?!"},"content":{"rendered":"<p>08:45\u2014 11:00 h Filozofski fakultet, Sveu\u010dili\u0161te u Rijeci <\/p>\n\n\n\n<p>Knji\u017eevnica <a href=\"https:\/\/knjiga.hr\/autor\/branka-arh\/\" target=\"_blank\" rel=\"noreferrer noopener\">Branka Arh<\/a> i knji\u017eevnik <a href=\"http:\/\/dhk.hr\/clanovi-drustva\/detaljnije\/tomislav-ribic\" target=\"_blank\" rel=\"noreferrer noopener\">Tomislav Ribi\u010d <\/a>gost su i go\u0161\u0107a na kolegiju Etni\u010dki nacionalni i rasni identiteti (prof. dr. sc. <a href=\"https:\/\/portal.uniri.hr\/portfelj\/571\" target=\"_blank\" rel=\"noreferrer noopener\">Nikola Petkovi\u0107<\/a>). Tema predavanja i rasprave koja \u0107e uslijediti je odnos jezika kao jednoga od jamaca \u2018identiteta\u2019 i takozvanih dijalekata.<\/p>\n\n\n\n<p>Jesu li varijeteti hrvatskog jezika&nbsp;<em>\u010da, kaj, \u0161to<\/em>\u2026 u hijerarhiji lingvisti\u010dke ili politi\u010dke mo\u0107i; kolika je zapravo margina rezervirana za rezervate dijalekata; mo\u017eemo li na odnos standarda i varijeteta gledati iz vizure prakse lingvisti\u010dkog kolonijalizma\u2026 neka su od pitanja o kojima \u0107e Nikola Petkovi\u0107 razgovarati s gostima\u2026&nbsp;<\/p>\n\n\n\n<p>Branka Arh pro\u0161logodi\u0161nja je finalistkinja Nagrade Kamov, a Tomislav Ribi\u010d ovogodi\u0161nji je laureat.<\/p>\n\n\n\n<p>Zanimljivo je da je dodjela Kamova Ribi\u010du s ne jednoga mjesta i iz ne jedne perspektive gledana kao presedan: dogodilo se da je nagradu za koju se pre\u0161utno pretpostavlja da je rezervirana za&nbsp;<em>\u0161to&nbsp;<\/em>verziju na\u0161eg jezika, dobio netko za koga je nacionalna knji\u017eevna i kulturna scena predvidjela \u2018rezervatne\u2019 nagrade\u2026<\/p>","protected":false},"excerpt":{"rendered":"<p>08:45\u2014 11:00 h Filozofski fakultet, Sveu\u010dili\u0161te u Rijeci Knji\u017eevnica Branka Arh i knji\u017eevnik Tomislav Ribi\u010d gost su i go\u0161\u0107a na kolegiju Etni\u010dki nacionalni i rasni identiteti (prof. dr. sc. Nikola Petkovi\u0107). Tema predavanja i rasprave koja \u0107e uslijediti je odnos jezika kao jednoga od jamaca \u2018identiteta\u2019 i takozvanih dijalekata. Jesu li varijeteti hrvatskog jezika&nbsp;\u010da, kaj, [&hellip;]<\/p>\n","protected":false},"author":2,"featured_media":2630,"comment_status":"closed","ping_status":"closed","sticky":false,"template":"","format":"standard","meta":{"_themeisle_gutenberg_block_has_review":false},"categories":[1],"tags":[],"yoast_head":"<!-- This site is optimized with the Yoast SEO plugin v21.0 - https:\/\/yoast.com\/wordpress\/plugins\/seo\/ -->\n<title>FFRI Predavanje Jezik, dijalekt, varijetet: kako, kome, za\u0161to\u2026 rezervirati mjesto u rezervatu?! - Centar za jezi\u010dna istra\u017eivanja<\/title>\n<meta name=\"robots\" content=\"index, follow, max-snippet:-1, max-image-preview:large, max-video-preview:-1\" \/>\n<link rel=\"canonical\" href=\"https:\/\/cji.uniri.hr\/en\/ffri-predavanje-jezik-dijalekt-varijetet-kako-kome-zasto-rezervirati-mjesto-u-rezervatu\/\" \/>\n<meta property=\"og:locale\" content=\"en_GB\" \/>\n<meta property=\"og:type\" content=\"article\" \/>\n<meta property=\"og:title\" content=\"FFRI Predavanje Jezik, dijalekt, varijetet: kako, kome, za\u0161to\u2026 rezervirati mjesto u rezervatu?! - Centar za jezi\u010dna istra\u017eivanja\" \/>\n<meta property=\"og:description\" content=\"08:45\u2014 11:00 h Filozofski fakultet, Sveu\u010dili\u0161te u Rijeci Knji\u017eevnica Branka Arh i knji\u017eevnik Tomislav Ribi\u010d gost su i go\u0161\u0107a na kolegiju Etni\u010dki nacionalni i rasni identiteti (prof. dr. sc. Nikola Petkovi\u0107). Tema predavanja i rasprave koja \u0107e uslijediti je odnos jezika kao jednoga od jamaca \u2018identiteta\u2019 i takozvanih dijalekata. Jesu li varijeteti hrvatskog jezika&nbsp;\u010da, kaj, [&hellip;]\" \/>\n<meta property=\"og:url\" content=\"https:\/\/cji.uniri.hr\/en\/ffri-predavanje-jezik-dijalekt-varijetet-kako-kome-zasto-rezervirati-mjesto-u-rezervatu\/\" \/>\n<meta property=\"og:site_name\" content=\"Centar za jezi\u010dna istra\u017eivanja\" \/>\n<meta property=\"article:publisher\" content=\"https:\/\/www.facebook.com\/CLARIJEKA\" \/>\n<meta property=\"article:published_time\" content=\"2022-12-12T05:27:18+00:00\" \/>\n<meta property=\"article:modified_time\" content=\"2023-02-07T13:33:06+00:00\" \/>\n<meta property=\"og:image\" content=\"https:\/\/cji.uniri.hr\/wp-content\/uploads\/identitet.jpg\" \/>\n\t<meta property=\"og:image:width\" content=\"750\" \/>\n\t<meta property=\"og:image:height\" content=\"500\" \/>\n\t<meta property=\"og:image:type\" content=\"image\/jpeg\" \/>\n<meta name=\"author\" content=\"Benedikt Perak\" \/>\n<meta name=\"twitter:card\" content=\"summary_large_image\" \/>\n<meta name=\"twitter:label1\" content=\"Written by\" \/>\n\t<meta name=\"twitter:data1\" content=\"Benedikt Perak\" \/>\n\t<meta name=\"twitter:label2\" content=\"Estimated reading time\" \/>\n\t<meta name=\"twitter:data2\" content=\"1 minute\" \/>\n<script type=\"application\/ld+json\" class=\"yoast-schema-graph\">{\"@context\":\"https:\/\/schema.org\",\"@graph\":[{\"@type\":\"Article\",\"@id\":\"https:\/\/cji.uniri.hr\/en\/ffri-predavanje-jezik-dijalekt-varijetet-kako-kome-zasto-rezervirati-mjesto-u-rezervatu\/#article\",\"isPartOf\":{\"@id\":\"https:\/\/cji.uniri.hr\/en\/ffri-predavanje-jezik-dijalekt-varijetet-kako-kome-zasto-rezervirati-mjesto-u-rezervatu\/\"},\"author\":{\"name\":\"Benedikt Perak\",\"@id\":\"https:\/\/cji.uniri.hr\/en\/#\/schema\/person\/f29f864f741125e460e39c431a827f57\"},\"headline\":\"FFRI Predavanje Jezik, dijalekt, varijetet: kako, kome, za\u0161to\u2026 rezervirati mjesto u rezervatu?!\",\"datePublished\":\"2022-12-12T05:27:18+00:00\",\"dateModified\":\"2023-02-07T13:33:06+00:00\",\"mainEntityOfPage\":{\"@id\":\"https:\/\/cji.uniri.hr\/en\/ffri-predavanje-jezik-dijalekt-varijetet-kako-kome-zasto-rezervirati-mjesto-u-rezervatu\/\"},\"wordCount\":192,\"publisher\":{\"@id\":\"https:\/\/cji.uniri.hr\/en\/#organization\"},\"articleSection\":[\"Novosti\"],\"inLanguage\":\"en-GB\"},{\"@type\":\"WebPage\",\"@id\":\"https:\/\/cji.uniri.hr\/en\/ffri-predavanje-jezik-dijalekt-varijetet-kako-kome-zasto-rezervirati-mjesto-u-rezervatu\/\",\"url\":\"https:\/\/cji.uniri.hr\/en\/ffri-predavanje-jezik-dijalekt-varijetet-kako-kome-zasto-rezervirati-mjesto-u-rezervatu\/\",\"name\":\"FFRI Predavanje Jezik, dijalekt, varijetet: kako, kome, za\u0161to\u2026 rezervirati mjesto u rezervatu?! - Centar za jezi\u010dna istra\u017eivanja\",\"isPartOf\":{\"@id\":\"https:\/\/cji.uniri.hr\/en\/#website\"},\"datePublished\":\"2022-12-12T05:27:18+00:00\",\"dateModified\":\"2023-02-07T13:33:06+00:00\",\"breadcrumb\":{\"@id\":\"https:\/\/cji.uniri.hr\/en\/ffri-predavanje-jezik-dijalekt-varijetet-kako-kome-zasto-rezervirati-mjesto-u-rezervatu\/#breadcrumb\"},\"inLanguage\":\"en-GB\",\"potentialAction\":[{\"@type\":\"ReadAction\",\"target\":[\"https:\/\/cji.uniri.hr\/en\/ffri-predavanje-jezik-dijalekt-varijetet-kako-kome-zasto-rezervirati-mjesto-u-rezervatu\/\"]}]},{\"@type\":\"BreadcrumbList\",\"@id\":\"https:\/\/cji.uniri.hr\/en\/ffri-predavanje-jezik-dijalekt-varijetet-kako-kome-zasto-rezervirati-mjesto-u-rezervatu\/#breadcrumb\",\"itemListElement\":[{\"@type\":\"ListItem\",\"position\":1,\"name\":\"Po\u010detna stranica\",\"item\":\"https:\/\/cji.uniri.hr\/en\/\"},{\"@type\":\"ListItem\",\"position\":2,\"name\":\"FFRI Predavanje Jezik, dijalekt, varijetet: kako, kome, za\u0161to\u2026 rezervirati mjesto u rezervatu?!\"}]},{\"@type\":\"WebSite\",\"@id\":\"https:\/\/cji.uniri.hr\/en\/#website\",\"url\":\"https:\/\/cji.uniri.hr\/en\/\",\"name\":\"Centar za jezi\u010dna istra\u017eivanja\",\"description\":\"\",\"publisher\":{\"@id\":\"https:\/\/cji.uniri.hr\/en\/#organization\"},\"potentialAction\":[{\"@type\":\"SearchAction\",\"target\":{\"@type\":\"EntryPoint\",\"urlTemplate\":\"https:\/\/cji.uniri.hr\/en\/?s={search_term_string}\"},\"query-input\":\"required name=search_term_string\"}],\"inLanguage\":\"en-GB\"},{\"@type\":\"Organization\",\"@id\":\"https:\/\/cji.uniri.hr\/en\/#organization\",\"name\":\"Centar za jezi\u010dna istra\u017eivanja\",\"url\":\"https:\/\/cji.uniri.hr\/en\/\",\"logo\":{\"@type\":\"ImageObject\",\"inLanguage\":\"en-GB\",\"@id\":\"https:\/\/cji.uniri.hr\/en\/#\/schema\/logo\/image\/\",\"url\":\"https:\/\/cji.uniri.hr\/wp-content\/uploads\/cji_logo-removebg-preview-1-e1695380857613.png\",\"contentUrl\":\"https:\/\/cji.uniri.hr\/wp-content\/uploads\/cji_logo-removebg-preview-1-e1695380857613.png\",\"width\":170,\"height\":170,\"caption\":\"Centar za jezi\u010dna istra\u017eivanja\"},\"image\":{\"@id\":\"https:\/\/cji.uniri.hr\/en\/#\/schema\/logo\/image\/\"},\"sameAs\":[\"https:\/\/www.facebook.com\/CLARIJEKA\"]},{\"@type\":\"Person\",\"@id\":\"https:\/\/cji.uniri.hr\/en\/#\/schema\/person\/f29f864f741125e460e39c431a827f57\",\"name\":\"Benedikt Perak\",\"image\":{\"@type\":\"ImageObject\",\"inLanguage\":\"en-GB\",\"@id\":\"https:\/\/cji.uniri.hr\/en\/#\/schema\/person\/image\/\",\"url\":\"https:\/\/secure.gravatar.com\/avatar\/f2ccf2037f7117023caf6040ac20e45a?s=96&d=mm&r=g\",\"contentUrl\":\"https:\/\/secure.gravatar.com\/avatar\/f2ccf2037f7117023caf6040ac20e45a?s=96&d=mm&r=g\",\"caption\":\"Benedikt Perak\"},\"url\":\"https:\/\/cji.uniri.hr\/en\/author\/cjiadmin\/\"}]}<\/script>\n<!-- \/ Yoast SEO plugin. -->","yoast_head_json":{"title":"FFRI Predavanje Jezik, dijalekt, varijetet: kako, kome, za\u0161to\u2026 rezervirati mjesto u rezervatu?! - Centar za jezi\u010dna istra\u017eivanja","robots":{"index":"index","follow":"follow","max-snippet":"max-snippet:-1","max-image-preview":"max-image-preview:large","max-video-preview":"max-video-preview:-1"},"canonical":"https:\/\/cji.uniri.hr\/en\/ffri-predavanje-jezik-dijalekt-varijetet-kako-kome-zasto-rezervirati-mjesto-u-rezervatu\/","og_locale":"en_GB","og_type":"article","og_title":"FFRI Predavanje Jezik, dijalekt, varijetet: kako, kome, za\u0161to\u2026 rezervirati mjesto u rezervatu?! - Centar za jezi\u010dna istra\u017eivanja","og_description":"08:45\u2014 11:00 h Filozofski fakultet, Sveu\u010dili\u0161te u Rijeci Knji\u017eevnica Branka Arh i knji\u017eevnik Tomislav Ribi\u010d gost su i go\u0161\u0107a na kolegiju Etni\u010dki nacionalni i rasni identiteti (prof. dr. sc. Nikola Petkovi\u0107). Tema predavanja i rasprave koja \u0107e uslijediti je odnos jezika kao jednoga od jamaca \u2018identiteta\u2019 i takozvanih dijalekata. Jesu li varijeteti hrvatskog jezika&nbsp;\u010da, kaj, [&hellip;]","og_url":"https:\/\/cji.uniri.hr\/en\/ffri-predavanje-jezik-dijalekt-varijetet-kako-kome-zasto-rezervirati-mjesto-u-rezervatu\/","og_site_name":"Centar za jezi\u010dna istra\u017eivanja","article_publisher":"https:\/\/www.facebook.com\/CLARIJEKA","article_published_time":"2022-12-12T05:27:18+00:00","article_modified_time":"2023-02-07T13:33:06+00:00","og_image":[{"width":750,"height":500,"url":"https:\/\/cji.uniri.hr\/wp-content\/uploads\/identitet.jpg","type":"image\/jpeg"}],"author":"Benedikt Perak","twitter_card":"summary_large_image","twitter_misc":{"Written by":"Benedikt Perak","Estimated reading time":"1 minute"},"schema":{"@context":"https:\/\/schema.org","@graph":[{"@type":"Article","@id":"https:\/\/cji.uniri.hr\/en\/ffri-predavanje-jezik-dijalekt-varijetet-kako-kome-zasto-rezervirati-mjesto-u-rezervatu\/#article","isPartOf":{"@id":"https:\/\/cji.uniri.hr\/en\/ffri-predavanje-jezik-dijalekt-varijetet-kako-kome-zasto-rezervirati-mjesto-u-rezervatu\/"},"author":{"name":"Benedikt Perak","@id":"https:\/\/cji.uniri.hr\/en\/#\/schema\/person\/f29f864f741125e460e39c431a827f57"},"headline":"FFRI Predavanje Jezik, dijalekt, varijetet: kako, kome, za\u0161to\u2026 rezervirati mjesto u rezervatu?!","datePublished":"2022-12-12T05:27:18+00:00","dateModified":"2023-02-07T13:33:06+00:00","mainEntityOfPage":{"@id":"https:\/\/cji.uniri.hr\/en\/ffri-predavanje-jezik-dijalekt-varijetet-kako-kome-zasto-rezervirati-mjesto-u-rezervatu\/"},"wordCount":192,"publisher":{"@id":"https:\/\/cji.uniri.hr\/en\/#organization"},"articleSection":["Novosti"],"inLanguage":"en-GB"},{"@type":"WebPage","@id":"https:\/\/cji.uniri.hr\/en\/ffri-predavanje-jezik-dijalekt-varijetet-kako-kome-zasto-rezervirati-mjesto-u-rezervatu\/","url":"https:\/\/cji.uniri.hr\/en\/ffri-predavanje-jezik-dijalekt-varijetet-kako-kome-zasto-rezervirati-mjesto-u-rezervatu\/","name":"FFRI Predavanje Jezik, dijalekt, varijetet: kako, kome, za\u0161to\u2026 rezervirati mjesto u rezervatu?! - Centar za jezi\u010dna istra\u017eivanja","isPartOf":{"@id":"https:\/\/cji.uniri.hr\/en\/#website"},"datePublished":"2022-12-12T05:27:18+00:00","dateModified":"2023-02-07T13:33:06+00:00","breadcrumb":{"@id":"https:\/\/cji.uniri.hr\/en\/ffri-predavanje-jezik-dijalekt-varijetet-kako-kome-zasto-rezervirati-mjesto-u-rezervatu\/#breadcrumb"},"inLanguage":"en-GB","potentialAction":[{"@type":"ReadAction","target":["https:\/\/cji.uniri.hr\/en\/ffri-predavanje-jezik-dijalekt-varijetet-kako-kome-zasto-rezervirati-mjesto-u-rezervatu\/"]}]},{"@type":"BreadcrumbList","@id":"https:\/\/cji.uniri.hr\/en\/ffri-predavanje-jezik-dijalekt-varijetet-kako-kome-zasto-rezervirati-mjesto-u-rezervatu\/#breadcrumb","itemListElement":[{"@type":"ListItem","position":1,"name":"Po\u010detna stranica","item":"https:\/\/cji.uniri.hr\/en\/"},{"@type":"ListItem","position":2,"name":"FFRI Predavanje Jezik, dijalekt, varijetet: kako, kome, za\u0161to\u2026 rezervirati mjesto u rezervatu?!"}]},{"@type":"WebSite","@id":"https:\/\/cji.uniri.hr\/en\/#website","url":"https:\/\/cji.uniri.hr\/en\/","name":"Center for Language Research","description":"","publisher":{"@id":"https:\/\/cji.uniri.hr\/en\/#organization"},"potentialAction":[{"@type":"SearchAction","target":{"@type":"EntryPoint","urlTemplate":"https:\/\/cji.uniri.hr\/en\/?s={search_term_string}"},"query-input":"required name=search_term_string"}],"inLanguage":"en-GB"},{"@type":"Organization","@id":"https:\/\/cji.uniri.hr\/en\/#organization","name":"Center for Language Research","url":"https:\/\/cji.uniri.hr\/en\/","logo":{"@type":"ImageObject","inLanguage":"en-GB","@id":"https:\/\/cji.uniri.hr\/en\/#\/schema\/logo\/image\/","url":"https:\/\/cji.uniri.hr\/wp-content\/uploads\/cji_logo-removebg-preview-1-e1695380857613.png","contentUrl":"https:\/\/cji.uniri.hr\/wp-content\/uploads\/cji_logo-removebg-preview-1-e1695380857613.png","width":170,"height":170,"caption":"Centar za jezi\u010dna istra\u017eivanja"},"image":{"@id":"https:\/\/cji.uniri.hr\/en\/#\/schema\/logo\/image\/"},"sameAs":["https:\/\/www.facebook.com\/CLARIJEKA"]},{"@type":"Person","@id":"https:\/\/cji.uniri.hr\/en\/#\/schema\/person\/f29f864f741125e460e39c431a827f57","name":"Benedikt Perak","image":{"@type":"ImageObject","inLanguage":"en-GB","@id":"https:\/\/cji.uniri.hr\/en\/#\/schema\/person\/image\/","url":"https:\/\/secure.gravatar.com\/avatar\/f2ccf2037f7117023caf6040ac20e45a?s=96&d=mm&r=g","contentUrl":"https:\/\/secure.gravatar.com\/avatar\/f2ccf2037f7117023caf6040ac20e45a?s=96&d=mm&r=g","caption":"Benedikt Perak"},"url":"https:\/\/cji.uniri.hr\/en\/author\/cjiadmin\/"}]}},"_links":{"self":[{"href":"https:\/\/cji.uniri.hr\/en\/wp-json\/wp\/v2\/posts\/2288"}],"collection":[{"href":"https:\/\/cji.uniri.hr\/en\/wp-json\/wp\/v2\/posts"}],"about":[{"href":"https:\/\/cji.uniri.hr\/en\/wp-json\/wp\/v2\/types\/post"}],"author":[{"embeddable":true,"href":"https:\/\/cji.uniri.hr\/en\/wp-json\/wp\/v2\/users\/2"}],"replies":[{"embeddable":true,"href":"https:\/\/cji.uniri.hr\/en\/wp-json\/wp\/v2\/comments?post=2288"}],"version-history":[{"count":1,"href":"https:\/\/cji.uniri.hr\/en\/wp-json\/wp\/v2\/posts\/2288\/revisions"}],"predecessor-version":[{"id":2289,"href":"https:\/\/cji.uniri.hr\/en\/wp-json\/wp\/v2\/posts\/2288\/revisions\/2289"}],"wp:featuredmedia":[{"embeddable":true,"href":"https:\/\/cji.uniri.hr\/en\/wp-json\/wp\/v2\/media\/2630"}],"wp:attachment":[{"href":"https:\/\/cji.uniri.hr\/en\/wp-json\/wp\/v2\/media?parent=2288"}],"wp:term":[{"taxonomy":"category","embeddable":true,"href":"https:\/\/cji.uniri.hr\/en\/wp-json\/wp\/v2\/categories?post=2288"},{"taxonomy":"post_tag","embeddable":true,"href":"https:\/\/cji.uniri.hr\/en\/wp-json\/wp\/v2\/tags?post=2288"}],"curies":[{"name":"wp","href":"https:\/\/api.w.org\/{rel}","templated":true}]}}