{"id":2783,"date":"2023-03-14T09:04:18","date_gmt":"2023-03-14T08:04:18","guid":{"rendered":"https:\/\/cji.uniri.hr\/?p=2783"},"modified":"2023-03-14T09:04:18","modified_gmt":"2023-03-14T08:04:18","slug":"baladria-treca-ljetna-skola-iz-podrucja-digitalne-humanistike","status":"publish","type":"post","link":"https:\/\/cji.uniri.hr\/en\/baladria-treca-ljetna-skola-iz-podrucja-digitalne-humanistike\/","title":{"rendered":"BALADRIA \u2013 the third summer school in the field of digital humanities"},"content":{"rendered":"<p>Zadovoljstvo nam je najaviti tre\u0107u ljetnu \u0161kolu iz podru\u010dja digitalne humanistike &#8211; BALADRIA, koja <a><\/a>se ove godine odr\u017eava online (2 tjedna) i na Sveu\u010dili\u0161tu u Zadru (jedan tjedan).<\/p>\n\n\n\n<p>Program ljetne \u0161kole organiziran je u okviru kolegija &#8220;Methods for Digital Humanities&#8221; (Linnaeus University, \u0160vedska) kroz koji studenti ostvaruju 5 ETSC bodova. Informacije o kolegiju mo\u017eete prona\u0107i ovdje: <a href=\"https:\/\/lnu.se\/en\/course\/methods-for-digital-humanities-baladria-summer-school-in-digital-humanities\/vaxjo-distance-international-summer\/\" target=\"_blank\" rel=\"noreferrer noopener\">https:\/\/lnu.se\/en\/course\/methods-for-digital-humanities-baladria-summer-school-in-digital-humanities\/vaxjo-distance-international-summer\/<\/a><\/p>\n\n\n\n<p>Nastava \u0107e se izvoditi online uz obveznih tjedan dana nastave u\u017eivo na Sveu\u010dili\u0161tu u Zadru.<\/p>\n\n\n\n<p><strong>Prijave su do 15. o\u017eujka 2023.<\/strong><\/p>\n\n\n\n<p>Raspored je sljede\u0107i:<\/p>\n\n\n\n<p>12. \u2013 18. lipnja \u2013 online, asinkrono (obavezno online sudjelovanje)<\/p>\n\n\n\n<p>19. \u2013 23. lipnja \u2013 Zadar, Hrvatska (obavezno osobno sudjelovanje)<\/p>\n\n\n\n<p>24. lipnja do 5. srpnja &#8211; online, asinkrono (obavezno online sudjelovanje)<\/p>\n\n\n\n<p>Za vi\u0161e informacija i prijavu posjetite slu\u017ebenu mre\u017enu stranicu ljetne \u0161kole: <a href=\"https:\/\/conference.unizd.hr\/baladria\/?fbclid=IwAR1sNDRvgdGl-ZrBQVJ3Q5PG3WJXJKLvbyONXd7wg_3bPB4Gca9ZctTZHRQ\" rel=\"noreferrer noopener\" target=\"_blank\">https:\/\/conference.unizd.hr\/baladria\/<\/a><\/p>","protected":false},"excerpt":{"rendered":"<p>Zadovoljstvo nam je najaviti tre\u0107u ljetnu \u0161kolu iz podru\u010dja digitalne humanistike &#8211; BALADRIA, koja se ove godine odr\u017eava online (2 tjedna) i na Sveu\u010dili\u0161tu u Zadru (jedan tjedan). Program ljetne \u0161kole organiziran je u okviru kolegija &#8220;Methods for Digital Humanities&#8221; (Linnaeus University, \u0160vedska) kroz koji studenti ostvaruju 5 ETSC bodova. Informacije o kolegiju mo\u017eete prona\u0107i [&hellip;]<\/p>\n","protected":false},"author":2,"featured_media":2784,"comment_status":"closed","ping_status":"closed","sticky":false,"template":"","format":"standard","meta":{"_themeisle_gutenberg_block_has_review":false},"categories":[1],"tags":[],"yoast_head":"<!-- This site is optimized with the Yoast SEO plugin v21.0 - https:\/\/yoast.com\/wordpress\/plugins\/seo\/ -->\n<title>BALADRIA - tre\u0107a ljetna \u0161kola iz podru\u010dja digitalne humanistike - Centar za jezi\u010dna istra\u017eivanja<\/title>\n<meta name=\"robots\" content=\"index, follow, max-snippet:-1, max-image-preview:large, max-video-preview:-1\" \/>\n<link rel=\"canonical\" href=\"https:\/\/cji.uniri.hr\/en\/baladria-treca-ljetna-skola-iz-podrucja-digitalne-humanistike\/\" \/>\n<meta property=\"og:locale\" content=\"en_GB\" \/>\n<meta property=\"og:type\" content=\"article\" \/>\n<meta property=\"og:title\" content=\"BALADRIA - tre\u0107a ljetna \u0161kola iz podru\u010dja digitalne humanistike - Centar za jezi\u010dna istra\u017eivanja\" \/>\n<meta property=\"og:description\" content=\"Zadovoljstvo nam je najaviti tre\u0107u ljetnu \u0161kolu iz podru\u010dja digitalne humanistike &#8211; BALADRIA, koja se ove godine odr\u017eava online (2 tjedna) i na Sveu\u010dili\u0161tu u Zadru (jedan tjedan). Program ljetne \u0161kole organiziran je u okviru kolegija &#8220;Methods for Digital Humanities&#8221; (Linnaeus University, \u0160vedska) kroz koji studenti ostvaruju 5 ETSC bodova. Informacije o kolegiju mo\u017eete prona\u0107i [&hellip;]\" \/>\n<meta property=\"og:url\" content=\"https:\/\/cji.uniri.hr\/en\/baladria-treca-ljetna-skola-iz-podrucja-digitalne-humanistike\/\" \/>\n<meta property=\"og:site_name\" content=\"Centar za jezi\u010dna istra\u017eivanja\" \/>\n<meta property=\"article:publisher\" content=\"https:\/\/www.facebook.com\/CLARIJEKA\" \/>\n<meta property=\"article:published_time\" content=\"2023-03-14T08:04:18+00:00\" \/>\n<meta property=\"og:image\" content=\"https:\/\/cji.uniri.hr\/wp-content\/uploads\/Baladria2023.png\" \/>\n\t<meta property=\"og:image:width\" content=\"1851\" \/>\n\t<meta property=\"og:image:height\" content=\"900\" \/>\n\t<meta property=\"og:image:type\" content=\"image\/png\" \/>\n<meta name=\"author\" content=\"Benedikt Perak\" \/>\n<meta name=\"twitter:card\" content=\"summary_large_image\" \/>\n<meta name=\"twitter:label1\" content=\"Written by\" \/>\n\t<meta name=\"twitter:data1\" content=\"Benedikt Perak\" \/>\n\t<meta name=\"twitter:label2\" content=\"Estimated reading time\" \/>\n\t<meta name=\"twitter:data2\" content=\"1 minute\" \/>\n<script type=\"application\/ld+json\" class=\"yoast-schema-graph\">{\"@context\":\"https:\/\/schema.org\",\"@graph\":[{\"@type\":\"Article\",\"@id\":\"https:\/\/cji.uniri.hr\/en\/baladria-treca-ljetna-skola-iz-podrucja-digitalne-humanistike\/#article\",\"isPartOf\":{\"@id\":\"https:\/\/cji.uniri.hr\/en\/baladria-treca-ljetna-skola-iz-podrucja-digitalne-humanistike\/\"},\"author\":{\"name\":\"Benedikt Perak\",\"@id\":\"https:\/\/cji.uniri.hr\/en\/#\/schema\/person\/f29f864f741125e460e39c431a827f57\"},\"headline\":\"BALADRIA &#8211; tre\u0107a ljetna \u0161kola iz podru\u010dja digitalne humanistike\",\"datePublished\":\"2023-03-14T08:04:18+00:00\",\"dateModified\":\"2023-03-14T08:04:18+00:00\",\"mainEntityOfPage\":{\"@id\":\"https:\/\/cji.uniri.hr\/en\/baladria-treca-ljetna-skola-iz-podrucja-digitalne-humanistike\/\"},\"wordCount\":146,\"publisher\":{\"@id\":\"https:\/\/cji.uniri.hr\/en\/#organization\"},\"articleSection\":[\"Novosti\"],\"inLanguage\":\"en-GB\"},{\"@type\":\"WebPage\",\"@id\":\"https:\/\/cji.uniri.hr\/en\/baladria-treca-ljetna-skola-iz-podrucja-digitalne-humanistike\/\",\"url\":\"https:\/\/cji.uniri.hr\/en\/baladria-treca-ljetna-skola-iz-podrucja-digitalne-humanistike\/\",\"name\":\"BALADRIA - tre\u0107a ljetna \u0161kola iz podru\u010dja digitalne humanistike - Centar za jezi\u010dna istra\u017eivanja\",\"isPartOf\":{\"@id\":\"https:\/\/cji.uniri.hr\/en\/#website\"},\"datePublished\":\"2023-03-14T08:04:18+00:00\",\"dateModified\":\"2023-03-14T08:04:18+00:00\",\"breadcrumb\":{\"@id\":\"https:\/\/cji.uniri.hr\/en\/baladria-treca-ljetna-skola-iz-podrucja-digitalne-humanistike\/#breadcrumb\"},\"inLanguage\":\"en-GB\",\"potentialAction\":[{\"@type\":\"ReadAction\",\"target\":[\"https:\/\/cji.uniri.hr\/en\/baladria-treca-ljetna-skola-iz-podrucja-digitalne-humanistike\/\"]}]},{\"@type\":\"BreadcrumbList\",\"@id\":\"https:\/\/cji.uniri.hr\/en\/baladria-treca-ljetna-skola-iz-podrucja-digitalne-humanistike\/#breadcrumb\",\"itemListElement\":[{\"@type\":\"ListItem\",\"position\":1,\"name\":\"Po\u010detna stranica\",\"item\":\"https:\/\/cji.uniri.hr\/en\/\"},{\"@type\":\"ListItem\",\"position\":2,\"name\":\"BALADRIA &#8211; tre\u0107a ljetna \u0161kola iz podru\u010dja digitalne humanistike\"}]},{\"@type\":\"WebSite\",\"@id\":\"https:\/\/cji.uniri.hr\/en\/#website\",\"url\":\"https:\/\/cji.uniri.hr\/en\/\",\"name\":\"Centar za jezi\u010dna istra\u017eivanja\",\"description\":\"\",\"publisher\":{\"@id\":\"https:\/\/cji.uniri.hr\/en\/#organization\"},\"potentialAction\":[{\"@type\":\"SearchAction\",\"target\":{\"@type\":\"EntryPoint\",\"urlTemplate\":\"https:\/\/cji.uniri.hr\/en\/?s={search_term_string}\"},\"query-input\":\"required name=search_term_string\"}],\"inLanguage\":\"en-GB\"},{\"@type\":\"Organization\",\"@id\":\"https:\/\/cji.uniri.hr\/en\/#organization\",\"name\":\"Centar za jezi\u010dna istra\u017eivanja\",\"url\":\"https:\/\/cji.uniri.hr\/en\/\",\"logo\":{\"@type\":\"ImageObject\",\"inLanguage\":\"en-GB\",\"@id\":\"https:\/\/cji.uniri.hr\/en\/#\/schema\/logo\/image\/\",\"url\":\"https:\/\/cji.uniri.hr\/wp-content\/uploads\/cji_logo-removebg-preview-1-e1695380857613.png\",\"contentUrl\":\"https:\/\/cji.uniri.hr\/wp-content\/uploads\/cji_logo-removebg-preview-1-e1695380857613.png\",\"width\":170,\"height\":170,\"caption\":\"Centar za jezi\u010dna istra\u017eivanja\"},\"image\":{\"@id\":\"https:\/\/cji.uniri.hr\/en\/#\/schema\/logo\/image\/\"},\"sameAs\":[\"https:\/\/www.facebook.com\/CLARIJEKA\"]},{\"@type\":\"Person\",\"@id\":\"https:\/\/cji.uniri.hr\/en\/#\/schema\/person\/f29f864f741125e460e39c431a827f57\",\"name\":\"Benedikt Perak\",\"image\":{\"@type\":\"ImageObject\",\"inLanguage\":\"en-GB\",\"@id\":\"https:\/\/cji.uniri.hr\/en\/#\/schema\/person\/image\/\",\"url\":\"https:\/\/secure.gravatar.com\/avatar\/f2ccf2037f7117023caf6040ac20e45a?s=96&d=mm&r=g\",\"contentUrl\":\"https:\/\/secure.gravatar.com\/avatar\/f2ccf2037f7117023caf6040ac20e45a?s=96&d=mm&r=g\",\"caption\":\"Benedikt Perak\"},\"url\":\"https:\/\/cji.uniri.hr\/en\/author\/cjiadmin\/\"}]}<\/script>\n<!-- \/ Yoast SEO plugin. -->","yoast_head_json":{"title":"BALADRIA - tre\u0107a ljetna \u0161kola iz podru\u010dja digitalne humanistike - Centar za jezi\u010dna istra\u017eivanja","robots":{"index":"index","follow":"follow","max-snippet":"max-snippet:-1","max-image-preview":"max-image-preview:large","max-video-preview":"max-video-preview:-1"},"canonical":"https:\/\/cji.uniri.hr\/en\/baladria-treca-ljetna-skola-iz-podrucja-digitalne-humanistike\/","og_locale":"en_GB","og_type":"article","og_title":"BALADRIA - tre\u0107a ljetna \u0161kola iz podru\u010dja digitalne humanistike - Centar za jezi\u010dna istra\u017eivanja","og_description":"Zadovoljstvo nam je najaviti tre\u0107u ljetnu \u0161kolu iz podru\u010dja digitalne humanistike &#8211; BALADRIA, koja se ove godine odr\u017eava online (2 tjedna) i na Sveu\u010dili\u0161tu u Zadru (jedan tjedan). Program ljetne \u0161kole organiziran je u okviru kolegija &#8220;Methods for Digital Humanities&#8221; (Linnaeus University, \u0160vedska) kroz koji studenti ostvaruju 5 ETSC bodova. Informacije o kolegiju mo\u017eete prona\u0107i [&hellip;]","og_url":"https:\/\/cji.uniri.hr\/en\/baladria-treca-ljetna-skola-iz-podrucja-digitalne-humanistike\/","og_site_name":"Centar za jezi\u010dna istra\u017eivanja","article_publisher":"https:\/\/www.facebook.com\/CLARIJEKA","article_published_time":"2023-03-14T08:04:18+00:00","og_image":[{"width":1851,"height":900,"url":"https:\/\/cji.uniri.hr\/wp-content\/uploads\/Baladria2023.png","type":"image\/png"}],"author":"Benedikt Perak","twitter_card":"summary_large_image","twitter_misc":{"Written by":"Benedikt Perak","Estimated reading time":"1 minute"},"schema":{"@context":"https:\/\/schema.org","@graph":[{"@type":"Article","@id":"https:\/\/cji.uniri.hr\/en\/baladria-treca-ljetna-skola-iz-podrucja-digitalne-humanistike\/#article","isPartOf":{"@id":"https:\/\/cji.uniri.hr\/en\/baladria-treca-ljetna-skola-iz-podrucja-digitalne-humanistike\/"},"author":{"name":"Benedikt Perak","@id":"https:\/\/cji.uniri.hr\/en\/#\/schema\/person\/f29f864f741125e460e39c431a827f57"},"headline":"BALADRIA &#8211; tre\u0107a ljetna \u0161kola iz podru\u010dja digitalne humanistike","datePublished":"2023-03-14T08:04:18+00:00","dateModified":"2023-03-14T08:04:18+00:00","mainEntityOfPage":{"@id":"https:\/\/cji.uniri.hr\/en\/baladria-treca-ljetna-skola-iz-podrucja-digitalne-humanistike\/"},"wordCount":146,"publisher":{"@id":"https:\/\/cji.uniri.hr\/en\/#organization"},"articleSection":["Novosti"],"inLanguage":"en-GB"},{"@type":"WebPage","@id":"https:\/\/cji.uniri.hr\/en\/baladria-treca-ljetna-skola-iz-podrucja-digitalne-humanistike\/","url":"https:\/\/cji.uniri.hr\/en\/baladria-treca-ljetna-skola-iz-podrucja-digitalne-humanistike\/","name":"BALADRIA - tre\u0107a ljetna \u0161kola iz podru\u010dja digitalne humanistike - Centar za jezi\u010dna istra\u017eivanja","isPartOf":{"@id":"https:\/\/cji.uniri.hr\/en\/#website"},"datePublished":"2023-03-14T08:04:18+00:00","dateModified":"2023-03-14T08:04:18+00:00","breadcrumb":{"@id":"https:\/\/cji.uniri.hr\/en\/baladria-treca-ljetna-skola-iz-podrucja-digitalne-humanistike\/#breadcrumb"},"inLanguage":"en-GB","potentialAction":[{"@type":"ReadAction","target":["https:\/\/cji.uniri.hr\/en\/baladria-treca-ljetna-skola-iz-podrucja-digitalne-humanistike\/"]}]},{"@type":"BreadcrumbList","@id":"https:\/\/cji.uniri.hr\/en\/baladria-treca-ljetna-skola-iz-podrucja-digitalne-humanistike\/#breadcrumb","itemListElement":[{"@type":"ListItem","position":1,"name":"Po\u010detna stranica","item":"https:\/\/cji.uniri.hr\/en\/"},{"@type":"ListItem","position":2,"name":"BALADRIA &#8211; tre\u0107a ljetna \u0161kola iz podru\u010dja digitalne humanistike"}]},{"@type":"WebSite","@id":"https:\/\/cji.uniri.hr\/en\/#website","url":"https:\/\/cji.uniri.hr\/en\/","name":"Center for Language Research","description":"","publisher":{"@id":"https:\/\/cji.uniri.hr\/en\/#organization"},"potentialAction":[{"@type":"SearchAction","target":{"@type":"EntryPoint","urlTemplate":"https:\/\/cji.uniri.hr\/en\/?s={search_term_string}"},"query-input":"required name=search_term_string"}],"inLanguage":"en-GB"},{"@type":"Organization","@id":"https:\/\/cji.uniri.hr\/en\/#organization","name":"Center for Language Research","url":"https:\/\/cji.uniri.hr\/en\/","logo":{"@type":"ImageObject","inLanguage":"en-GB","@id":"https:\/\/cji.uniri.hr\/en\/#\/schema\/logo\/image\/","url":"https:\/\/cji.uniri.hr\/wp-content\/uploads\/cji_logo-removebg-preview-1-e1695380857613.png","contentUrl":"https:\/\/cji.uniri.hr\/wp-content\/uploads\/cji_logo-removebg-preview-1-e1695380857613.png","width":170,"height":170,"caption":"Centar za jezi\u010dna istra\u017eivanja"},"image":{"@id":"https:\/\/cji.uniri.hr\/en\/#\/schema\/logo\/image\/"},"sameAs":["https:\/\/www.facebook.com\/CLARIJEKA"]},{"@type":"Person","@id":"https:\/\/cji.uniri.hr\/en\/#\/schema\/person\/f29f864f741125e460e39c431a827f57","name":"Benedikt Perak","image":{"@type":"ImageObject","inLanguage":"en-GB","@id":"https:\/\/cji.uniri.hr\/en\/#\/schema\/person\/image\/","url":"https:\/\/secure.gravatar.com\/avatar\/f2ccf2037f7117023caf6040ac20e45a?s=96&d=mm&r=g","contentUrl":"https:\/\/secure.gravatar.com\/avatar\/f2ccf2037f7117023caf6040ac20e45a?s=96&d=mm&r=g","caption":"Benedikt Perak"},"url":"https:\/\/cji.uniri.hr\/en\/author\/cjiadmin\/"}]}},"_links":{"self":[{"href":"https:\/\/cji.uniri.hr\/en\/wp-json\/wp\/v2\/posts\/2783"}],"collection":[{"href":"https:\/\/cji.uniri.hr\/en\/wp-json\/wp\/v2\/posts"}],"about":[{"href":"https:\/\/cji.uniri.hr\/en\/wp-json\/wp\/v2\/types\/post"}],"author":[{"embeddable":true,"href":"https:\/\/cji.uniri.hr\/en\/wp-json\/wp\/v2\/users\/2"}],"replies":[{"embeddable":true,"href":"https:\/\/cji.uniri.hr\/en\/wp-json\/wp\/v2\/comments?post=2783"}],"version-history":[{"count":1,"href":"https:\/\/cji.uniri.hr\/en\/wp-json\/wp\/v2\/posts\/2783\/revisions"}],"predecessor-version":[{"id":2785,"href":"https:\/\/cji.uniri.hr\/en\/wp-json\/wp\/v2\/posts\/2783\/revisions\/2785"}],"wp:featuredmedia":[{"embeddable":true,"href":"https:\/\/cji.uniri.hr\/en\/wp-json\/wp\/v2\/media\/2784"}],"wp:attachment":[{"href":"https:\/\/cji.uniri.hr\/en\/wp-json\/wp\/v2\/media?parent=2783"}],"wp:term":[{"taxonomy":"category","embeddable":true,"href":"https:\/\/cji.uniri.hr\/en\/wp-json\/wp\/v2\/categories?post=2783"},{"taxonomy":"post_tag","embeddable":true,"href":"https:\/\/cji.uniri.hr\/en\/wp-json\/wp\/v2\/tags?post=2783"}],"curies":[{"name":"wp","href":"https:\/\/api.w.org\/{rel}","templated":true}]}}