{"id":2927,"date":"2023-04-27T12:54:58","date_gmt":"2023-04-27T10:54:58","guid":{"rendered":"https:\/\/cji.uniri.hr\/?p=2927"},"modified":"2023-04-27T13:24:11","modified_gmt":"2023-04-27T11:24:11","slug":"cji-predavanje-stanislava-stasa-tofoska-glagolski-vid-kao-semanticka-i-gramaticka-kategorija-24-5-1130-f-206","status":"publish","type":"post","link":"https:\/\/cji.uniri.hr\/en\/cji-predavanje-stanislava-stasa-tofoska-glagolski-vid-kao-semanticka-i-gramaticka-kategorija-24-5-1130-f-206\/","title":{"rendered":"CJI Predavanje: Stanislava-Sta\u0161a Tofoska &#8220;Glagolski vid kao semanti\u010dka i gramati\u010dka kategorija&#8221;, 24.5. 11:30, F-206"},"content":{"rendered":"<p>Centar za jezi\u010dna istra\u017eivanja UNIRI sa zadovoljstvom Vas poziva na predavanje \u201eGlagolski<br>vid kao semanti\u010dka i gramati\u010dka kategorija\u201c, koje \u0107e na hrvatskome jeziku odr\u017eati prof. dr. sc.<br>Stanislava-Sta\u0161a Tofoska s Filolo\u0161koga fakulteta \u201eBla\u017ee Koneski\u201c Sveu\u010dili\u0161ta sv. \u0106irila i<br>Metoda u Skopju. Predavanje \u0107e se odr\u017eati 24. svibnja 2023. godine na Filozofskome<br>fakultetu u Rijeci, u prostoriji F-206 s po\u010detkom u 11.30 sati.<\/p>\n\n\n\n<figure class=\"wp-block-image alignleft size-thumbnail\" style=\"border-radius:75px\"><img decoding=\"async\" loading=\"lazy\" width=\"150\" height=\"150\" src=\"https:\/\/cji.uniri.hr\/wp-content\/uploads\/tofovska-150x150.png\" alt=\"\" class=\"wp-image-2928\"\/><\/figure>\n\n\n\n<p class=\"has-text-align-left\">Stanislava-Sta\u0161a Tofoska od 1997. godine predaje na Katedri za makedonski jezik i ju\u017enoslavenske jezike Filolo\u0161koga fakulteta \u201eBla\u017ee Koneski\u201c, Sveu\u010dili\u0161ta sv. \u0106irila i Metoda u Skopju, od 2015. godine u zvanju redovite profesorice. Predaje predmete iz podru\u010dja suvremenoga makedonskog jezika na razli\u010ditim preddiplomskome i diplomskim studijima Filolo\u0161koga fakulteta, a na doktorskom studiju predaje semantiku, gramatiku te leksikologiju<br>makedonskoga jezika. Makedonski jezik predaje tako\u0111er na Me\u0111unarodnom seminaru za<br>makedonski jezik, knji\u017eevnost i kulturu u Ohridu te na Ljetnoj \u0161koli ju\u017enoslavenskih jezika<br>Summer School of South-East European Languages) na Sveu\u010dili\u0161tu Indiana u Bloomingtonu,<br>u Sjedinjenim Ameri\u010dkim Dr\u017eavama. Znanstvene radove o semantici, pragmatici, sintaksi i<br>tvorbi rije\u010di, kao i usvajanju makedonskog kao drugog\/stranog jezika na izlagala je na vi\u0161e od<br>50 me\u0111unarodnih lingvisti\u010dkih znanstvenih skupova u SAD-u, Japanu, \u0160vedskoj, Poljskoj,<br>Hrvatskoj itd. Autorica je knjige \u201eSemantika teli\u010dnih glagola u makedonskom jeziku\u201c.<\/p>","protected":false},"excerpt":{"rendered":"<p>Centar za jezi\u010dna istra\u017eivanja UNIRI sa zadovoljstvom Vas poziva na predavanje \u201eGlagolskivid kao semanti\u010dka i gramati\u010dka kategorija\u201c, koje \u0107e na hrvatskome jeziku odr\u017eati prof. dr. sc.Stanislava-Sta\u0161a Tofoska s Filolo\u0161koga fakulteta \u201eBla\u017ee Koneski\u201c Sveu\u010dili\u0161ta sv. \u0106irila iMetoda u Skopju. Predavanje \u0107e se odr\u017eati 24. svibnja 2023. godine na Filozofskomefakultetu u Rijeci, u prostoriji F-206 s po\u010detkom [&hellip;]<\/p>\n","protected":false},"author":2,"featured_media":2928,"comment_status":"closed","ping_status":"closed","sticky":false,"template":"","format":"standard","meta":{"_themeisle_gutenberg_block_has_review":false},"categories":[1],"tags":[],"yoast_head":"<!-- This site is optimized with the Yoast SEO plugin v21.0 - https:\/\/yoast.com\/wordpress\/plugins\/seo\/ -->\n<title>CJI Predavanje: Stanislava-Sta\u0161a Tofoska &quot;Glagolski vid kao semanti\u010dka i gramati\u010dka kategorija&quot;, 24.5. 11:30, F-206 - Centar za jezi\u010dna istra\u017eivanja<\/title>\n<meta name=\"robots\" content=\"index, follow, max-snippet:-1, max-image-preview:large, max-video-preview:-1\" \/>\n<link rel=\"canonical\" href=\"https:\/\/cji.uniri.hr\/en\/cji-predavanje-stanislava-stasa-tofoska-glagolski-vid-kao-semanticka-i-gramaticka-kategorija-24-5-1130-f-206\/\" \/>\n<meta property=\"og:locale\" content=\"en_GB\" \/>\n<meta property=\"og:type\" content=\"article\" \/>\n<meta property=\"og:title\" content=\"CJI Predavanje: Stanislava-Sta\u0161a Tofoska &quot;Glagolski vid kao semanti\u010dka i gramati\u010dka kategorija&quot;, 24.5. 11:30, F-206 - Centar za jezi\u010dna istra\u017eivanja\" \/>\n<meta property=\"og:description\" content=\"Centar za jezi\u010dna istra\u017eivanja UNIRI sa zadovoljstvom Vas poziva na predavanje \u201eGlagolskivid kao semanti\u010dka i gramati\u010dka kategorija\u201c, koje \u0107e na hrvatskome jeziku odr\u017eati prof. dr. sc.Stanislava-Sta\u0161a Tofoska s Filolo\u0161koga fakulteta \u201eBla\u017ee Koneski\u201c Sveu\u010dili\u0161ta sv. \u0106irila iMetoda u Skopju. Predavanje \u0107e se odr\u017eati 24. svibnja 2023. godine na Filozofskomefakultetu u Rijeci, u prostoriji F-206 s po\u010detkom [&hellip;]\" \/>\n<meta property=\"og:url\" content=\"https:\/\/cji.uniri.hr\/en\/cji-predavanje-stanislava-stasa-tofoska-glagolski-vid-kao-semanticka-i-gramaticka-kategorija-24-5-1130-f-206\/\" \/>\n<meta property=\"og:site_name\" content=\"Centar za jezi\u010dna istra\u017eivanja\" \/>\n<meta property=\"article:publisher\" content=\"https:\/\/www.facebook.com\/CLARIJEKA\" \/>\n<meta property=\"article:published_time\" content=\"2023-04-27T10:54:58+00:00\" \/>\n<meta property=\"article:modified_time\" content=\"2023-04-27T11:24:11+00:00\" \/>\n<meta property=\"og:image\" content=\"https:\/\/cji.uniri.hr\/wp-content\/uploads\/tofovska.png\" \/>\n\t<meta property=\"og:image:width\" content=\"379\" \/>\n\t<meta property=\"og:image:height\" content=\"587\" \/>\n\t<meta property=\"og:image:type\" content=\"image\/png\" \/>\n<meta name=\"author\" content=\"Benedikt Perak\" \/>\n<meta name=\"twitter:card\" content=\"summary_large_image\" \/>\n<meta name=\"twitter:label1\" content=\"Written by\" \/>\n\t<meta name=\"twitter:data1\" content=\"Benedikt Perak\" \/>\n\t<meta name=\"twitter:label2\" content=\"Estimated reading time\" \/>\n\t<meta name=\"twitter:data2\" content=\"1 minute\" \/>\n<script type=\"application\/ld+json\" class=\"yoast-schema-graph\">{\"@context\":\"https:\/\/schema.org\",\"@graph\":[{\"@type\":\"Article\",\"@id\":\"https:\/\/cji.uniri.hr\/hr\/cji-predavanje-stanislava-stasa-tofoska-glagolski-vid-kao-semanticka-i-gramaticka-kategorija-24-5-1130-f-206\/#article\",\"isPartOf\":{\"@id\":\"https:\/\/cji.uniri.hr\/hr\/cji-predavanje-stanislava-stasa-tofoska-glagolski-vid-kao-semanticka-i-gramaticka-kategorija-24-5-1130-f-206\/\"},\"author\":{\"name\":\"Benedikt Perak\",\"@id\":\"https:\/\/cji.uniri.hr\/en\/#\/schema\/person\/f29f864f741125e460e39c431a827f57\"},\"headline\":\"CJI Predavanje: Stanislava-Sta\u0161a Tofoska &#8220;Glagolski vid kao semanti\u010dka i gramati\u010dka kategorija&#8221;, 24.5. 11:30, F-206\",\"datePublished\":\"2023-04-27T10:54:58+00:00\",\"dateModified\":\"2023-04-27T11:24:11+00:00\",\"mainEntityOfPage\":{\"@id\":\"https:\/\/cji.uniri.hr\/hr\/cji-predavanje-stanislava-stasa-tofoska-glagolski-vid-kao-semanticka-i-gramaticka-kategorija-24-5-1130-f-206\/\"},\"wordCount\":236,\"publisher\":{\"@id\":\"https:\/\/cji.uniri.hr\/en\/#organization\"},\"articleSection\":[\"Novosti\"],\"inLanguage\":\"en-GB\"},{\"@type\":\"WebPage\",\"@id\":\"https:\/\/cji.uniri.hr\/hr\/cji-predavanje-stanislava-stasa-tofoska-glagolski-vid-kao-semanticka-i-gramaticka-kategorija-24-5-1130-f-206\/\",\"url\":\"https:\/\/cji.uniri.hr\/hr\/cji-predavanje-stanislava-stasa-tofoska-glagolski-vid-kao-semanticka-i-gramaticka-kategorija-24-5-1130-f-206\/\",\"name\":\"CJI Predavanje: Stanislava-Sta\u0161a Tofoska \\\"Glagolski vid kao semanti\u010dka i gramati\u010dka kategorija\\\", 24.5. 11:30, F-206 - Centar za jezi\u010dna istra\u017eivanja\",\"isPartOf\":{\"@id\":\"https:\/\/cji.uniri.hr\/en\/#website\"},\"datePublished\":\"2023-04-27T10:54:58+00:00\",\"dateModified\":\"2023-04-27T11:24:11+00:00\",\"breadcrumb\":{\"@id\":\"https:\/\/cji.uniri.hr\/hr\/cji-predavanje-stanislava-stasa-tofoska-glagolski-vid-kao-semanticka-i-gramaticka-kategorija-24-5-1130-f-206\/#breadcrumb\"},\"inLanguage\":\"en-GB\",\"potentialAction\":[{\"@type\":\"ReadAction\",\"target\":[\"https:\/\/cji.uniri.hr\/hr\/cji-predavanje-stanislava-stasa-tofoska-glagolski-vid-kao-semanticka-i-gramaticka-kategorija-24-5-1130-f-206\/\"]}]},{\"@type\":\"BreadcrumbList\",\"@id\":\"https:\/\/cji.uniri.hr\/hr\/cji-predavanje-stanislava-stasa-tofoska-glagolski-vid-kao-semanticka-i-gramaticka-kategorija-24-5-1130-f-206\/#breadcrumb\",\"itemListElement\":[{\"@type\":\"ListItem\",\"position\":1,\"name\":\"Po\u010detna stranica\",\"item\":\"https:\/\/cji.uniri.hr\/en\/\"},{\"@type\":\"ListItem\",\"position\":2,\"name\":\"CJI Predavanje: Stanislava-Sta\u0161a Tofoska &#8220;Glagolski vid kao semanti\u010dka i gramati\u010dka kategorija&#8221;, 24.5. 11:30, F-206\"}]},{\"@type\":\"WebSite\",\"@id\":\"https:\/\/cji.uniri.hr\/en\/#website\",\"url\":\"https:\/\/cji.uniri.hr\/en\/\",\"name\":\"Centar za jezi\u010dna istra\u017eivanja\",\"description\":\"\",\"publisher\":{\"@id\":\"https:\/\/cji.uniri.hr\/en\/#organization\"},\"potentialAction\":[{\"@type\":\"SearchAction\",\"target\":{\"@type\":\"EntryPoint\",\"urlTemplate\":\"https:\/\/cji.uniri.hr\/en\/?s={search_term_string}\"},\"query-input\":\"required name=search_term_string\"}],\"inLanguage\":\"en-GB\"},{\"@type\":\"Organization\",\"@id\":\"https:\/\/cji.uniri.hr\/en\/#organization\",\"name\":\"Centar za jezi\u010dna istra\u017eivanja\",\"url\":\"https:\/\/cji.uniri.hr\/en\/\",\"logo\":{\"@type\":\"ImageObject\",\"inLanguage\":\"en-GB\",\"@id\":\"https:\/\/cji.uniri.hr\/en\/#\/schema\/logo\/image\/\",\"url\":\"https:\/\/cji.uniri.hr\/wp-content\/uploads\/cji_logo-removebg-preview-1-e1695380857613.png\",\"contentUrl\":\"https:\/\/cji.uniri.hr\/wp-content\/uploads\/cji_logo-removebg-preview-1-e1695380857613.png\",\"width\":170,\"height\":170,\"caption\":\"Centar za jezi\u010dna istra\u017eivanja\"},\"image\":{\"@id\":\"https:\/\/cji.uniri.hr\/en\/#\/schema\/logo\/image\/\"},\"sameAs\":[\"https:\/\/www.facebook.com\/CLARIJEKA\"]},{\"@type\":\"Person\",\"@id\":\"https:\/\/cji.uniri.hr\/en\/#\/schema\/person\/f29f864f741125e460e39c431a827f57\",\"name\":\"Benedikt Perak\",\"image\":{\"@type\":\"ImageObject\",\"inLanguage\":\"en-GB\",\"@id\":\"https:\/\/cji.uniri.hr\/en\/#\/schema\/person\/image\/\",\"url\":\"https:\/\/secure.gravatar.com\/avatar\/f2ccf2037f7117023caf6040ac20e45a?s=96&d=mm&r=g\",\"contentUrl\":\"https:\/\/secure.gravatar.com\/avatar\/f2ccf2037f7117023caf6040ac20e45a?s=96&d=mm&r=g\",\"caption\":\"Benedikt Perak\"},\"url\":\"https:\/\/cji.uniri.hr\/en\/author\/cjiadmin\/\"}]}<\/script>\n<!-- \/ Yoast SEO plugin. -->","yoast_head_json":{"title":"CJI Predavanje: Stanislava-Sta\u0161a Tofoska \"Glagolski vid kao semanti\u010dka i gramati\u010dka kategorija\", 24.5. 11:30, F-206 - Centar za jezi\u010dna istra\u017eivanja","robots":{"index":"index","follow":"follow","max-snippet":"max-snippet:-1","max-image-preview":"max-image-preview:large","max-video-preview":"max-video-preview:-1"},"canonical":"https:\/\/cji.uniri.hr\/en\/cji-predavanje-stanislava-stasa-tofoska-glagolski-vid-kao-semanticka-i-gramaticka-kategorija-24-5-1130-f-206\/","og_locale":"en_GB","og_type":"article","og_title":"CJI Predavanje: Stanislava-Sta\u0161a Tofoska \"Glagolski vid kao semanti\u010dka i gramati\u010dka kategorija\", 24.5. 11:30, F-206 - Centar za jezi\u010dna istra\u017eivanja","og_description":"Centar za jezi\u010dna istra\u017eivanja UNIRI sa zadovoljstvom Vas poziva na predavanje \u201eGlagolskivid kao semanti\u010dka i gramati\u010dka kategorija\u201c, koje \u0107e na hrvatskome jeziku odr\u017eati prof. dr. sc.Stanislava-Sta\u0161a Tofoska s Filolo\u0161koga fakulteta \u201eBla\u017ee Koneski\u201c Sveu\u010dili\u0161ta sv. \u0106irila iMetoda u Skopju. Predavanje \u0107e se odr\u017eati 24. svibnja 2023. godine na Filozofskomefakultetu u Rijeci, u prostoriji F-206 s po\u010detkom [&hellip;]","og_url":"https:\/\/cji.uniri.hr\/en\/cji-predavanje-stanislava-stasa-tofoska-glagolski-vid-kao-semanticka-i-gramaticka-kategorija-24-5-1130-f-206\/","og_site_name":"Centar za jezi\u010dna istra\u017eivanja","article_publisher":"https:\/\/www.facebook.com\/CLARIJEKA","article_published_time":"2023-04-27T10:54:58+00:00","article_modified_time":"2023-04-27T11:24:11+00:00","og_image":[{"width":379,"height":587,"url":"https:\/\/cji.uniri.hr\/wp-content\/uploads\/tofovska.png","type":"image\/png"}],"author":"Benedikt Perak","twitter_card":"summary_large_image","twitter_misc":{"Written by":"Benedikt Perak","Estimated reading time":"1 minute"},"schema":{"@context":"https:\/\/schema.org","@graph":[{"@type":"Article","@id":"https:\/\/cji.uniri.hr\/hr\/cji-predavanje-stanislava-stasa-tofoska-glagolski-vid-kao-semanticka-i-gramaticka-kategorija-24-5-1130-f-206\/#article","isPartOf":{"@id":"https:\/\/cji.uniri.hr\/hr\/cji-predavanje-stanislava-stasa-tofoska-glagolski-vid-kao-semanticka-i-gramaticka-kategorija-24-5-1130-f-206\/"},"author":{"name":"Benedikt Perak","@id":"https:\/\/cji.uniri.hr\/en\/#\/schema\/person\/f29f864f741125e460e39c431a827f57"},"headline":"CJI Predavanje: Stanislava-Sta\u0161a Tofoska &#8220;Glagolski vid kao semanti\u010dka i gramati\u010dka kategorija&#8221;, 24.5. 11:30, F-206","datePublished":"2023-04-27T10:54:58+00:00","dateModified":"2023-04-27T11:24:11+00:00","mainEntityOfPage":{"@id":"https:\/\/cji.uniri.hr\/hr\/cji-predavanje-stanislava-stasa-tofoska-glagolski-vid-kao-semanticka-i-gramaticka-kategorija-24-5-1130-f-206\/"},"wordCount":236,"publisher":{"@id":"https:\/\/cji.uniri.hr\/en\/#organization"},"articleSection":["Novosti"],"inLanguage":"en-GB"},{"@type":"WebPage","@id":"https:\/\/cji.uniri.hr\/hr\/cji-predavanje-stanislava-stasa-tofoska-glagolski-vid-kao-semanticka-i-gramaticka-kategorija-24-5-1130-f-206\/","url":"https:\/\/cji.uniri.hr\/hr\/cji-predavanje-stanislava-stasa-tofoska-glagolski-vid-kao-semanticka-i-gramaticka-kategorija-24-5-1130-f-206\/","name":"CJI Predavanje: Stanislava-Sta\u0161a Tofoska \"Glagolski vid kao semanti\u010dka i gramati\u010dka kategorija\", 24.5. 11:30, F-206 - Centar za jezi\u010dna istra\u017eivanja","isPartOf":{"@id":"https:\/\/cji.uniri.hr\/en\/#website"},"datePublished":"2023-04-27T10:54:58+00:00","dateModified":"2023-04-27T11:24:11+00:00","breadcrumb":{"@id":"https:\/\/cji.uniri.hr\/hr\/cji-predavanje-stanislava-stasa-tofoska-glagolski-vid-kao-semanticka-i-gramaticka-kategorija-24-5-1130-f-206\/#breadcrumb"},"inLanguage":"en-GB","potentialAction":[{"@type":"ReadAction","target":["https:\/\/cji.uniri.hr\/hr\/cji-predavanje-stanislava-stasa-tofoska-glagolski-vid-kao-semanticka-i-gramaticka-kategorija-24-5-1130-f-206\/"]}]},{"@type":"BreadcrumbList","@id":"https:\/\/cji.uniri.hr\/hr\/cji-predavanje-stanislava-stasa-tofoska-glagolski-vid-kao-semanticka-i-gramaticka-kategorija-24-5-1130-f-206\/#breadcrumb","itemListElement":[{"@type":"ListItem","position":1,"name":"Po\u010detna stranica","item":"https:\/\/cji.uniri.hr\/en\/"},{"@type":"ListItem","position":2,"name":"CJI Predavanje: Stanislava-Sta\u0161a Tofoska &#8220;Glagolski vid kao semanti\u010dka i gramati\u010dka kategorija&#8221;, 24.5. 11:30, F-206"}]},{"@type":"WebSite","@id":"https:\/\/cji.uniri.hr\/en\/#website","url":"https:\/\/cji.uniri.hr\/en\/","name":"Center for Language Research","description":"","publisher":{"@id":"https:\/\/cji.uniri.hr\/en\/#organization"},"potentialAction":[{"@type":"SearchAction","target":{"@type":"EntryPoint","urlTemplate":"https:\/\/cji.uniri.hr\/en\/?s={search_term_string}"},"query-input":"required name=search_term_string"}],"inLanguage":"en-GB"},{"@type":"Organization","@id":"https:\/\/cji.uniri.hr\/en\/#organization","name":"Center for Language Research","url":"https:\/\/cji.uniri.hr\/en\/","logo":{"@type":"ImageObject","inLanguage":"en-GB","@id":"https:\/\/cji.uniri.hr\/en\/#\/schema\/logo\/image\/","url":"https:\/\/cji.uniri.hr\/wp-content\/uploads\/cji_logo-removebg-preview-1-e1695380857613.png","contentUrl":"https:\/\/cji.uniri.hr\/wp-content\/uploads\/cji_logo-removebg-preview-1-e1695380857613.png","width":170,"height":170,"caption":"Centar za jezi\u010dna istra\u017eivanja"},"image":{"@id":"https:\/\/cji.uniri.hr\/en\/#\/schema\/logo\/image\/"},"sameAs":["https:\/\/www.facebook.com\/CLARIJEKA"]},{"@type":"Person","@id":"https:\/\/cji.uniri.hr\/en\/#\/schema\/person\/f29f864f741125e460e39c431a827f57","name":"Benedikt Perak","image":{"@type":"ImageObject","inLanguage":"en-GB","@id":"https:\/\/cji.uniri.hr\/en\/#\/schema\/person\/image\/","url":"https:\/\/secure.gravatar.com\/avatar\/f2ccf2037f7117023caf6040ac20e45a?s=96&d=mm&r=g","contentUrl":"https:\/\/secure.gravatar.com\/avatar\/f2ccf2037f7117023caf6040ac20e45a?s=96&d=mm&r=g","caption":"Benedikt Perak"},"url":"https:\/\/cji.uniri.hr\/en\/author\/cjiadmin\/"}]}},"_links":{"self":[{"href":"https:\/\/cji.uniri.hr\/en\/wp-json\/wp\/v2\/posts\/2927"}],"collection":[{"href":"https:\/\/cji.uniri.hr\/en\/wp-json\/wp\/v2\/posts"}],"about":[{"href":"https:\/\/cji.uniri.hr\/en\/wp-json\/wp\/v2\/types\/post"}],"author":[{"embeddable":true,"href":"https:\/\/cji.uniri.hr\/en\/wp-json\/wp\/v2\/users\/2"}],"replies":[{"embeddable":true,"href":"https:\/\/cji.uniri.hr\/en\/wp-json\/wp\/v2\/comments?post=2927"}],"version-history":[{"count":5,"href":"https:\/\/cji.uniri.hr\/en\/wp-json\/wp\/v2\/posts\/2927\/revisions"}],"predecessor-version":[{"id":2936,"href":"https:\/\/cji.uniri.hr\/en\/wp-json\/wp\/v2\/posts\/2927\/revisions\/2936"}],"wp:featuredmedia":[{"embeddable":true,"href":"https:\/\/cji.uniri.hr\/en\/wp-json\/wp\/v2\/media\/2928"}],"wp:attachment":[{"href":"https:\/\/cji.uniri.hr\/en\/wp-json\/wp\/v2\/media?parent=2927"}],"wp:term":[{"taxonomy":"category","embeddable":true,"href":"https:\/\/cji.uniri.hr\/en\/wp-json\/wp\/v2\/categories?post=2927"},{"taxonomy":"post_tag","embeddable":true,"href":"https:\/\/cji.uniri.hr\/en\/wp-json\/wp\/v2\/tags?post=2927"}],"curies":[{"name":"wp","href":"https:\/\/api.w.org\/{rel}","templated":true}]}}