{"id":1828,"date":"2022-06-08T15:08:13","date_gmt":"2022-06-08T13:08:13","guid":{"rendered":"https:\/\/cji.uniri.hr\/?p=1828"},"modified":"2022-11-21T12:55:03","modified_gmt":"2022-11-21T11:55:03","slug":"language-data-science-tech-days","status":"publish","type":"post","link":"https:\/\/cji.uniri.hr\/hr\/language-data-science-tech-days\/","title":{"rendered":"Konferencija: Language, Data, Science, Tech DAYS\u00a04.-5.7.2022."},"content":{"rendered":"<p class=\"u-custom-font u-font-montserrat u-text u-text-body-alt-color u-title u-text-1\">CJI je suorganizator <a href=\"https:\/\/cji.uniri.hr\/ldst\/\" target=\"_blank\" rel=\"noopener noreferrer\"><strong>Language, Data, Science, Tech DAYS<\/strong>&nbsp;2022<\/a> koji se 4. &#8211; 5. srpnja 2022. odr\u017eava na&nbsp;Filozofskom fakultetu i&nbsp;Fakultetu za matematiku Sveu\u010dili\u0161ta u Rijeci. Tema je: <em>Pohrana, obrada podataka i jezi\u010dne tehnologije.&nbsp;<\/em><\/p>\n<p class=\"u-custom-font u-font-montserrat u-text u-text-body-alt-color u-title u-text-1\">Prilika je to za u\u010denje novih vje\u0161tina i upoznavanje s tehnologijama poput graf baze Memgraph te rada na superra\u010dunalu Bura, razgovor sa stru\u010dnjacima iz podru\u010dja jezi\u010dnih tehnologija, pohrane podataka, kao i za upoznavanje s razli\u010ditim projektima vezanim uz jezi\u010dne tehnologije koji se provode na UNIRI.<\/p>\n<p class=\"u-custom-font u-font-montserrat u-text u-text-body-alt-color u-title u-text-1\">Vi\u0161e informacija na stranicama konferencije:&nbsp;<a href=\"https:\/\/cji.uniri.hr\/ldst\/\" target=\"_blank\" rel=\"noopener noreferrer\">https:\/\/cji.uniri.hr\/ldst\/<\/a><\/p>\n","protected":false},"excerpt":{"rendered":"<p>CJI je suorganizator Language, Data, Science, Tech DAYS&nbsp;2022 koji se 4. &#8211; 5. srpnja 2022. odr\u017eava na&nbsp;Filozofskom fakultetu i&nbsp;Fakultetu za matematiku Sveu\u010dili\u0161ta u Rijeci. Tema je: Pohrana, obrada podataka i jezi\u010dne tehnologije.&nbsp; Prilika je to za u\u010denje novih vje\u0161tina i upoznavanje s tehnologijama poput graf baze Memgraph te rada na superra\u010dunalu Bura, razgovor sa stru\u010dnjacima [&hellip;]<\/p>\n","protected":false},"author":2,"featured_media":0,"comment_status":"closed","ping_status":"closed","sticky":false,"template":"","format":"standard","meta":{"_themeisle_gutenberg_block_has_review":false},"categories":[44,1],"tags":[57,56,60,58,59],"yoast_head":"<!-- This site is optimized with the Yoast SEO plugin v21.0 - https:\/\/yoast.com\/wordpress\/plugins\/seo\/ -->\n<title>Konferencija: Language, Data, Science, Tech DAYS\u00a04.-5.7.2022. - Centar za jezi\u010dna istra\u017eivanja<\/title>\n<meta name=\"robots\" content=\"index, follow, max-snippet:-1, max-image-preview:large, max-video-preview:-1\" \/>\n<link rel=\"canonical\" href=\"https:\/\/cji.uniri.hr\/hr\/language-data-science-tech-days\/\" \/>\n<meta property=\"og:locale\" content=\"hr_HR\" \/>\n<meta property=\"og:type\" content=\"article\" \/>\n<meta property=\"og:title\" content=\"Konferencija: Language, Data, Science, Tech DAYS\u00a04.-5.7.2022. - Centar za jezi\u010dna istra\u017eivanja\" \/>\n<meta property=\"og:description\" content=\"CJI je suorganizator Language, Data, Science, Tech DAYS&nbsp;2022 koji se 4. &#8211; 5. srpnja 2022. odr\u017eava na&nbsp;Filozofskom fakultetu i&nbsp;Fakultetu za matematiku Sveu\u010dili\u0161ta u Rijeci. Tema je: Pohrana, obrada podataka i jezi\u010dne tehnologije.&nbsp; Prilika je to za u\u010denje novih vje\u0161tina i upoznavanje s tehnologijama poput graf baze Memgraph te rada na superra\u010dunalu Bura, razgovor sa stru\u010dnjacima [&hellip;]\" \/>\n<meta property=\"og:url\" content=\"https:\/\/cji.uniri.hr\/hr\/language-data-science-tech-days\/\" \/>\n<meta property=\"og:site_name\" content=\"Centar za jezi\u010dna istra\u017eivanja\" \/>\n<meta property=\"article:publisher\" content=\"https:\/\/www.facebook.com\/CLARIJEKA\" \/>\n<meta property=\"article:published_time\" content=\"2022-06-08T13:08:13+00:00\" \/>\n<meta property=\"article:modified_time\" content=\"2022-11-21T11:55:03+00:00\" \/>\n<meta name=\"author\" content=\"Benedikt Perak\" \/>\n<meta name=\"twitter:card\" content=\"summary_large_image\" \/>\n<meta name=\"twitter:label1\" content=\"Napisao\/la\" \/>\n\t<meta name=\"twitter:data1\" content=\"Benedikt Perak\" \/>\n\t<meta name=\"twitter:label2\" content=\"Procijenjeno vrijeme \u010ditanja\" \/>\n\t<meta name=\"twitter:data2\" content=\"1 minuta\" \/>\n<script type=\"application\/ld+json\" class=\"yoast-schema-graph\">{\"@context\":\"https:\/\/schema.org\",\"@graph\":[{\"@type\":\"Article\",\"@id\":\"https:\/\/cji.uniri.hr\/en\/language-data-science-tech-days\/#article\",\"isPartOf\":{\"@id\":\"https:\/\/cji.uniri.hr\/en\/language-data-science-tech-days\/\"},\"author\":{\"name\":\"Benedikt Perak\",\"@id\":\"https:\/\/cji.uniri.hr\/en\/#\/schema\/person\/f29f864f741125e460e39c431a827f57\"},\"headline\":\"Konferencija: Language, Data, Science, Tech DAYS\u00a04.-5.7.2022.\",\"datePublished\":\"2022-06-08T13:08:13+00:00\",\"dateModified\":\"2022-11-21T11:55:03+00:00\",\"mainEntityOfPage\":{\"@id\":\"https:\/\/cji.uniri.hr\/en\/language-data-science-tech-days\/\"},\"wordCount\":111,\"publisher\":{\"@id\":\"https:\/\/cji.uniri.hr\/en\/#organization\"},\"keywords\":[\"Data\",\"Language\",\"Memgraph\",\"Science\",\"Tech DAYS 2022\"],\"articleSection\":[\"News\",\"Novosti\"],\"inLanguage\":\"hr\"},{\"@type\":\"WebPage\",\"@id\":\"https:\/\/cji.uniri.hr\/en\/language-data-science-tech-days\/\",\"url\":\"https:\/\/cji.uniri.hr\/en\/language-data-science-tech-days\/\",\"name\":\"Konferencija: Language, Data, Science, Tech DAYS\u00a04.-5.7.2022. - Centar za jezi\u010dna istra\u017eivanja\",\"isPartOf\":{\"@id\":\"https:\/\/cji.uniri.hr\/en\/#website\"},\"datePublished\":\"2022-06-08T13:08:13+00:00\",\"dateModified\":\"2022-11-21T11:55:03+00:00\",\"breadcrumb\":{\"@id\":\"https:\/\/cji.uniri.hr\/en\/language-data-science-tech-days\/#breadcrumb\"},\"inLanguage\":\"hr\",\"potentialAction\":[{\"@type\":\"ReadAction\",\"target\":[\"https:\/\/cji.uniri.hr\/en\/language-data-science-tech-days\/\"]}]},{\"@type\":\"BreadcrumbList\",\"@id\":\"https:\/\/cji.uniri.hr\/en\/language-data-science-tech-days\/#breadcrumb\",\"itemListElement\":[{\"@type\":\"ListItem\",\"position\":1,\"name\":\"Po\u010detna stranica\",\"item\":\"https:\/\/cji.uniri.hr\/en\/\"},{\"@type\":\"ListItem\",\"position\":2,\"name\":\"Konferencija: Language, Data, Science, Tech DAYS\u00a04.-5.7.2022.\"}]},{\"@type\":\"WebSite\",\"@id\":\"https:\/\/cji.uniri.hr\/en\/#website\",\"url\":\"https:\/\/cji.uniri.hr\/en\/\",\"name\":\"Centar za jezi\u010dna istra\u017eivanja\",\"description\":\"\",\"publisher\":{\"@id\":\"https:\/\/cji.uniri.hr\/en\/#organization\"},\"potentialAction\":[{\"@type\":\"SearchAction\",\"target\":{\"@type\":\"EntryPoint\",\"urlTemplate\":\"https:\/\/cji.uniri.hr\/en\/?s={search_term_string}\"},\"query-input\":\"required name=search_term_string\"}],\"inLanguage\":\"hr\"},{\"@type\":\"Organization\",\"@id\":\"https:\/\/cji.uniri.hr\/en\/#organization\",\"name\":\"Centar za jezi\u010dna istra\u017eivanja\",\"url\":\"https:\/\/cji.uniri.hr\/en\/\",\"logo\":{\"@type\":\"ImageObject\",\"inLanguage\":\"hr\",\"@id\":\"https:\/\/cji.uniri.hr\/en\/#\/schema\/logo\/image\/\",\"url\":\"https:\/\/cji.uniri.hr\/wp-content\/uploads\/cji_logo-removebg-preview-1-e1695380857613.png\",\"contentUrl\":\"https:\/\/cji.uniri.hr\/wp-content\/uploads\/cji_logo-removebg-preview-1-e1695380857613.png\",\"width\":170,\"height\":170,\"caption\":\"Centar za jezi\u010dna istra\u017eivanja\"},\"image\":{\"@id\":\"https:\/\/cji.uniri.hr\/en\/#\/schema\/logo\/image\/\"},\"sameAs\":[\"https:\/\/www.facebook.com\/CLARIJEKA\"]},{\"@type\":\"Person\",\"@id\":\"https:\/\/cji.uniri.hr\/en\/#\/schema\/person\/f29f864f741125e460e39c431a827f57\",\"name\":\"Benedikt Perak\",\"image\":{\"@type\":\"ImageObject\",\"inLanguage\":\"hr\",\"@id\":\"https:\/\/cji.uniri.hr\/en\/#\/schema\/person\/image\/\",\"url\":\"https:\/\/secure.gravatar.com\/avatar\/f2ccf2037f7117023caf6040ac20e45a?s=96&d=mm&r=g\",\"contentUrl\":\"https:\/\/secure.gravatar.com\/avatar\/f2ccf2037f7117023caf6040ac20e45a?s=96&d=mm&r=g\",\"caption\":\"Benedikt Perak\"},\"url\":\"https:\/\/cji.uniri.hr\/hr\/author\/cjiadmin\/\"}]}<\/script>\n<!-- \/ Yoast SEO plugin. -->","yoast_head_json":{"title":"Konferencija: Language, Data, Science, Tech DAYS\u00a04.-5.7.2022. - Centar za jezi\u010dna istra\u017eivanja","robots":{"index":"index","follow":"follow","max-snippet":"max-snippet:-1","max-image-preview":"max-image-preview:large","max-video-preview":"max-video-preview:-1"},"canonical":"https:\/\/cji.uniri.hr\/hr\/language-data-science-tech-days\/","og_locale":"hr_HR","og_type":"article","og_title":"Konferencija: Language, Data, Science, Tech DAYS\u00a04.-5.7.2022. - Centar za jezi\u010dna istra\u017eivanja","og_description":"CJI je suorganizator Language, Data, Science, Tech DAYS&nbsp;2022 koji se 4. &#8211; 5. srpnja 2022. odr\u017eava na&nbsp;Filozofskom fakultetu i&nbsp;Fakultetu za matematiku Sveu\u010dili\u0161ta u Rijeci. Tema je: Pohrana, obrada podataka i jezi\u010dne tehnologije.&nbsp; Prilika je to za u\u010denje novih vje\u0161tina i upoznavanje s tehnologijama poput graf baze Memgraph te rada na superra\u010dunalu Bura, razgovor sa stru\u010dnjacima [&hellip;]","og_url":"https:\/\/cji.uniri.hr\/hr\/language-data-science-tech-days\/","og_site_name":"Centar za jezi\u010dna istra\u017eivanja","article_publisher":"https:\/\/www.facebook.com\/CLARIJEKA","article_published_time":"2022-06-08T13:08:13+00:00","article_modified_time":"2022-11-21T11:55:03+00:00","author":"Benedikt Perak","twitter_card":"summary_large_image","twitter_misc":{"Napisao\/la":"Benedikt Perak","Procijenjeno vrijeme \u010ditanja":"1 minuta"},"schema":{"@context":"https:\/\/schema.org","@graph":[{"@type":"Article","@id":"https:\/\/cji.uniri.hr\/en\/language-data-science-tech-days\/#article","isPartOf":{"@id":"https:\/\/cji.uniri.hr\/en\/language-data-science-tech-days\/"},"author":{"name":"Benedikt Perak","@id":"https:\/\/cji.uniri.hr\/en\/#\/schema\/person\/f29f864f741125e460e39c431a827f57"},"headline":"Konferencija: Language, Data, Science, Tech DAYS\u00a04.-5.7.2022.","datePublished":"2022-06-08T13:08:13+00:00","dateModified":"2022-11-21T11:55:03+00:00","mainEntityOfPage":{"@id":"https:\/\/cji.uniri.hr\/en\/language-data-science-tech-days\/"},"wordCount":111,"publisher":{"@id":"https:\/\/cji.uniri.hr\/en\/#organization"},"keywords":["Data","Language","Memgraph","Science","Tech DAYS 2022"],"articleSection":["News","Novosti"],"inLanguage":"hr"},{"@type":"WebPage","@id":"https:\/\/cji.uniri.hr\/en\/language-data-science-tech-days\/","url":"https:\/\/cji.uniri.hr\/en\/language-data-science-tech-days\/","name":"Konferencija: Language, Data, Science, Tech DAYS\u00a04.-5.7.2022. - Centar za jezi\u010dna istra\u017eivanja","isPartOf":{"@id":"https:\/\/cji.uniri.hr\/en\/#website"},"datePublished":"2022-06-08T13:08:13+00:00","dateModified":"2022-11-21T11:55:03+00:00","breadcrumb":{"@id":"https:\/\/cji.uniri.hr\/en\/language-data-science-tech-days\/#breadcrumb"},"inLanguage":"hr","potentialAction":[{"@type":"ReadAction","target":["https:\/\/cji.uniri.hr\/en\/language-data-science-tech-days\/"]}]},{"@type":"BreadcrumbList","@id":"https:\/\/cji.uniri.hr\/en\/language-data-science-tech-days\/#breadcrumb","itemListElement":[{"@type":"ListItem","position":1,"name":"Po\u010detna stranica","item":"https:\/\/cji.uniri.hr\/en\/"},{"@type":"ListItem","position":2,"name":"Konferencija: Language, Data, Science, Tech DAYS\u00a04.-5.7.2022."}]},{"@type":"WebSite","@id":"https:\/\/cji.uniri.hr\/en\/#website","url":"https:\/\/cji.uniri.hr\/en\/","name":"Centar za jezi\u010dna istra\u017eivanja","description":"","publisher":{"@id":"https:\/\/cji.uniri.hr\/en\/#organization"},"potentialAction":[{"@type":"SearchAction","target":{"@type":"EntryPoint","urlTemplate":"https:\/\/cji.uniri.hr\/en\/?s={search_term_string}"},"query-input":"required name=search_term_string"}],"inLanguage":"hr"},{"@type":"Organization","@id":"https:\/\/cji.uniri.hr\/en\/#organization","name":"Centar za jezi\u010dna istra\u017eivanja","url":"https:\/\/cji.uniri.hr\/en\/","logo":{"@type":"ImageObject","inLanguage":"hr","@id":"https:\/\/cji.uniri.hr\/en\/#\/schema\/logo\/image\/","url":"https:\/\/cji.uniri.hr\/wp-content\/uploads\/cji_logo-removebg-preview-1-e1695380857613.png","contentUrl":"https:\/\/cji.uniri.hr\/wp-content\/uploads\/cji_logo-removebg-preview-1-e1695380857613.png","width":170,"height":170,"caption":"Centar za jezi\u010dna istra\u017eivanja"},"image":{"@id":"https:\/\/cji.uniri.hr\/en\/#\/schema\/logo\/image\/"},"sameAs":["https:\/\/www.facebook.com\/CLARIJEKA"]},{"@type":"Person","@id":"https:\/\/cji.uniri.hr\/en\/#\/schema\/person\/f29f864f741125e460e39c431a827f57","name":"Benedikt Perak","image":{"@type":"ImageObject","inLanguage":"hr","@id":"https:\/\/cji.uniri.hr\/en\/#\/schema\/person\/image\/","url":"https:\/\/secure.gravatar.com\/avatar\/f2ccf2037f7117023caf6040ac20e45a?s=96&d=mm&r=g","contentUrl":"https:\/\/secure.gravatar.com\/avatar\/f2ccf2037f7117023caf6040ac20e45a?s=96&d=mm&r=g","caption":"Benedikt Perak"},"url":"https:\/\/cji.uniri.hr\/hr\/author\/cjiadmin\/"}]}},"_links":{"self":[{"href":"https:\/\/cji.uniri.hr\/hr\/wp-json\/wp\/v2\/posts\/1828"}],"collection":[{"href":"https:\/\/cji.uniri.hr\/hr\/wp-json\/wp\/v2\/posts"}],"about":[{"href":"https:\/\/cji.uniri.hr\/hr\/wp-json\/wp\/v2\/types\/post"}],"author":[{"embeddable":true,"href":"https:\/\/cji.uniri.hr\/hr\/wp-json\/wp\/v2\/users\/2"}],"replies":[{"embeddable":true,"href":"https:\/\/cji.uniri.hr\/hr\/wp-json\/wp\/v2\/comments?post=1828"}],"version-history":[{"count":4,"href":"https:\/\/cji.uniri.hr\/hr\/wp-json\/wp\/v2\/posts\/1828\/revisions"}],"predecessor-version":[{"id":2061,"href":"https:\/\/cji.uniri.hr\/hr\/wp-json\/wp\/v2\/posts\/1828\/revisions\/2061"}],"wp:attachment":[{"href":"https:\/\/cji.uniri.hr\/hr\/wp-json\/wp\/v2\/media?parent=1828"}],"wp:term":[{"taxonomy":"category","embeddable":true,"href":"https:\/\/cji.uniri.hr\/hr\/wp-json\/wp\/v2\/categories?post=1828"},{"taxonomy":"post_tag","embeddable":true,"href":"https:\/\/cji.uniri.hr\/hr\/wp-json\/wp\/v2\/tags?post=1828"}],"curies":[{"name":"wp","href":"https:\/\/api.w.org\/{rel}","templated":true}]}}