{"id":465,"date":"2015-10-09T02:20:03","date_gmt":"2015-10-09T00:20:03","guid":{"rendered":"http:\/\/cji.uniri.hr\/?p=465"},"modified":"2015-10-21T17:10:33","modified_gmt":"2015-10-21T15:10:33","slug":"advancing-the-european-multilingual-experience-atheme-fp7","status":"publish","type":"post","link":"https:\/\/cji.uniri.hr\/hr\/advancing-the-european-multilingual-experience-atheme-fp7\/","title":{"rendered":"Advancing the European Multilingual Experience (AThEME), FP7"},"content":{"rendered":"<p>Principal Investigator: Tihana Kra\u0161<\/p>\n<p><strong>\u00a0<\/strong><\/p>\n<p>This five-year project funded by the European Union\u2019s Seventh Framework Programme for Research, Technological Development and Demonstration (FP7) studies multilingualism in Europe from different perspectives \u2013 linguistic, cognitive and sociological \u2013 at the level of the individual citizen, group and society. The project deals with regional\/minority languages and their speakers, heritage languages and speakers, multilingual speakers with communicative disorders, and typically-developing multilingual speakers of different ages and proficiency levels. The ultimate goal of the project is to contribute to evidence-based decision-making related to multilingualism in education, health and society as a whole. The project consortium consists of seventeen institutions from eight European countries (the UK, the Netherlands, Germany, France, Spain, Italy, Slovenia and Croatia) and is coordinated by the University of Leiden (the Netherlands). The project team from the Faculty of Humanities and Social Sciences in Rijeka, consisting of Ana Bratuli\u0107, Dr Branka Drlja\u010da Margi\u0107, Dr Tihana Kra\u0161 (leader) and Sini\u0161a Smiljani\u0107, investigates the patterns of use of Italian as a minority language and the attitudes towards it in Rijeka and Istria, the advantages of multilingualism on the cognitive system, and the impact of the native language on ultimate attainment in second language acquisition.<\/p>\n","protected":false},"excerpt":{"rendered":"<p>Principal Investigator: Tihana Kra\u0161 \u00a0 This five-year project funded by the European Union\u2019s Seventh Framework Programme for Research, Technological Development and Demonstration (FP7) studies multilingualism in Europe from different perspectives \u2013 linguistic, cognitive and sociological \u2013 at the level of the individual citizen, group and society. The project deals with regional\/minority languages and their speakers, [&hellip;]<\/p>\n","protected":false},"author":5,"featured_media":0,"comment_status":"closed","ping_status":"closed","sticky":false,"template":"","format":"standard","meta":{"_themeisle_gutenberg_block_has_review":false},"categories":[46],"tags":[],"yoast_head":"<!-- This site is optimized with the Yoast SEO plugin v21.0 - https:\/\/yoast.com\/wordpress\/plugins\/seo\/ -->\n<title>Advancing the European Multilingual Experience (AThEME), FP7 - Centar za jezi\u010dna istra\u017eivanja<\/title>\n<meta name=\"robots\" content=\"index, follow, max-snippet:-1, max-image-preview:large, max-video-preview:-1\" \/>\n<link rel=\"canonical\" href=\"https:\/\/cji.uniri.hr\/hr\/advancing-the-european-multilingual-experience-atheme-fp7\/\" \/>\n<meta property=\"og:locale\" content=\"hr_HR\" \/>\n<meta property=\"og:type\" content=\"article\" \/>\n<meta property=\"og:title\" content=\"Advancing the European Multilingual Experience (AThEME), FP7 - Centar za jezi\u010dna istra\u017eivanja\" \/>\n<meta property=\"og:description\" content=\"Principal Investigator: Tihana Kra\u0161 \u00a0 This five-year project funded by the European Union\u2019s Seventh Framework Programme for Research, Technological Development and Demonstration (FP7) studies multilingualism in Europe from different perspectives \u2013 linguistic, cognitive and sociological \u2013 at the level of the individual citizen, group and society. The project deals with regional\/minority languages and their speakers, [&hellip;]\" \/>\n<meta property=\"og:url\" content=\"https:\/\/cji.uniri.hr\/hr\/advancing-the-european-multilingual-experience-atheme-fp7\/\" \/>\n<meta property=\"og:site_name\" content=\"Centar za jezi\u010dna istra\u017eivanja\" \/>\n<meta property=\"article:publisher\" content=\"https:\/\/www.facebook.com\/CLARIJEKA\" \/>\n<meta property=\"article:published_time\" content=\"2015-10-09T00:20:03+00:00\" \/>\n<meta property=\"article:modified_time\" content=\"2015-10-21T15:10:33+00:00\" \/>\n<meta name=\"author\" content=\"Benedikt Perak\" \/>\n<meta name=\"twitter:card\" content=\"summary_large_image\" \/>\n<meta name=\"twitter:label1\" content=\"Napisao\/la\" \/>\n\t<meta name=\"twitter:data1\" content=\"Benedikt Perak\" \/>\n\t<meta name=\"twitter:label2\" content=\"Procijenjeno vrijeme \u010ditanja\" \/>\n\t<meta name=\"twitter:data2\" content=\"1 minuta\" \/>\n<script type=\"application\/ld+json\" class=\"yoast-schema-graph\">{\"@context\":\"https:\/\/schema.org\",\"@graph\":[{\"@type\":\"Article\",\"@id\":\"https:\/\/cji.uniri.hr\/hr\/advancing-the-european-multilingual-experience-atheme-fp7\/#article\",\"isPartOf\":{\"@id\":\"https:\/\/cji.uniri.hr\/hr\/advancing-the-european-multilingual-experience-atheme-fp7\/\"},\"author\":{\"name\":\"Benedikt Perak\",\"@id\":\"https:\/\/cji.uniri.hr\/en\/#\/schema\/person\/9d637a80bb9ed9fcf7e9cabbcf4e4e09\"},\"headline\":\"Advancing the European Multilingual Experience (AThEME), FP7\",\"datePublished\":\"2015-10-09T00:20:03+00:00\",\"dateModified\":\"2015-10-21T15:10:33+00:00\",\"mainEntityOfPage\":{\"@id\":\"https:\/\/cji.uniri.hr\/hr\/advancing-the-european-multilingual-experience-atheme-fp7\/\"},\"wordCount\":207,\"publisher\":{\"@id\":\"https:\/\/cji.uniri.hr\/en\/#organization\"},\"articleSection\":[\"Projects\"],\"inLanguage\":\"hr\"},{\"@type\":\"WebPage\",\"@id\":\"https:\/\/cji.uniri.hr\/hr\/advancing-the-european-multilingual-experience-atheme-fp7\/\",\"url\":\"https:\/\/cji.uniri.hr\/hr\/advancing-the-european-multilingual-experience-atheme-fp7\/\",\"name\":\"Advancing the European Multilingual Experience (AThEME), FP7 - Centar za jezi\u010dna istra\u017eivanja\",\"isPartOf\":{\"@id\":\"https:\/\/cji.uniri.hr\/en\/#website\"},\"datePublished\":\"2015-10-09T00:20:03+00:00\",\"dateModified\":\"2015-10-21T15:10:33+00:00\",\"breadcrumb\":{\"@id\":\"https:\/\/cji.uniri.hr\/hr\/advancing-the-european-multilingual-experience-atheme-fp7\/#breadcrumb\"},\"inLanguage\":\"hr\",\"potentialAction\":[{\"@type\":\"ReadAction\",\"target\":[\"https:\/\/cji.uniri.hr\/hr\/advancing-the-european-multilingual-experience-atheme-fp7\/\"]}]},{\"@type\":\"BreadcrumbList\",\"@id\":\"https:\/\/cji.uniri.hr\/hr\/advancing-the-european-multilingual-experience-atheme-fp7\/#breadcrumb\",\"itemListElement\":[{\"@type\":\"ListItem\",\"position\":1,\"name\":\"Po\u010detna stranica\",\"item\":\"https:\/\/cji.uniri.hr\/en\/\"},{\"@type\":\"ListItem\",\"position\":2,\"name\":\"Advancing the European Multilingual Experience (AThEME), FP7\"}]},{\"@type\":\"WebSite\",\"@id\":\"https:\/\/cji.uniri.hr\/en\/#website\",\"url\":\"https:\/\/cji.uniri.hr\/en\/\",\"name\":\"Centar za jezi\u010dna istra\u017eivanja\",\"description\":\"\",\"publisher\":{\"@id\":\"https:\/\/cji.uniri.hr\/en\/#organization\"},\"potentialAction\":[{\"@type\":\"SearchAction\",\"target\":{\"@type\":\"EntryPoint\",\"urlTemplate\":\"https:\/\/cji.uniri.hr\/en\/?s={search_term_string}\"},\"query-input\":\"required name=search_term_string\"}],\"inLanguage\":\"hr\"},{\"@type\":\"Organization\",\"@id\":\"https:\/\/cji.uniri.hr\/en\/#organization\",\"name\":\"Centar za jezi\u010dna istra\u017eivanja\",\"url\":\"https:\/\/cji.uniri.hr\/en\/\",\"logo\":{\"@type\":\"ImageObject\",\"inLanguage\":\"hr\",\"@id\":\"https:\/\/cji.uniri.hr\/en\/#\/schema\/logo\/image\/\",\"url\":\"https:\/\/cji.uniri.hr\/wp-content\/uploads\/cji_logo-removebg-preview-1-e1695380857613.png\",\"contentUrl\":\"https:\/\/cji.uniri.hr\/wp-content\/uploads\/cji_logo-removebg-preview-1-e1695380857613.png\",\"width\":170,\"height\":170,\"caption\":\"Centar za jezi\u010dna istra\u017eivanja\"},\"image\":{\"@id\":\"https:\/\/cji.uniri.hr\/en\/#\/schema\/logo\/image\/\"},\"sameAs\":[\"https:\/\/www.facebook.com\/CLARIJEKA\"]},{\"@type\":\"Person\",\"@id\":\"https:\/\/cji.uniri.hr\/en\/#\/schema\/person\/9d637a80bb9ed9fcf7e9cabbcf4e4e09\",\"name\":\"Benedikt Perak\",\"image\":{\"@type\":\"ImageObject\",\"inLanguage\":\"hr\",\"@id\":\"https:\/\/cji.uniri.hr\/en\/#\/schema\/person\/image\/\",\"url\":\"https:\/\/secure.gravatar.com\/avatar\/9683786c9e2289a734962581a6842850?s=96&d=mm&r=g\",\"contentUrl\":\"https:\/\/secure.gravatar.com\/avatar\/9683786c9e2289a734962581a6842850?s=96&d=mm&r=g\",\"caption\":\"Benedikt Perak\"},\"url\":\"https:\/\/cji.uniri.hr\/hr\/author\/bperak\/\"}]}<\/script>\n<!-- \/ Yoast SEO plugin. -->","yoast_head_json":{"title":"Advancing the European Multilingual Experience (AThEME), FP7 - Centar za jezi\u010dna istra\u017eivanja","robots":{"index":"index","follow":"follow","max-snippet":"max-snippet:-1","max-image-preview":"max-image-preview:large","max-video-preview":"max-video-preview:-1"},"canonical":"https:\/\/cji.uniri.hr\/hr\/advancing-the-european-multilingual-experience-atheme-fp7\/","og_locale":"hr_HR","og_type":"article","og_title":"Advancing the European Multilingual Experience (AThEME), FP7 - Centar za jezi\u010dna istra\u017eivanja","og_description":"Principal Investigator: Tihana Kra\u0161 \u00a0 This five-year project funded by the European Union\u2019s Seventh Framework Programme for Research, Technological Development and Demonstration (FP7) studies multilingualism in Europe from different perspectives \u2013 linguistic, cognitive and sociological \u2013 at the level of the individual citizen, group and society. The project deals with regional\/minority languages and their speakers, [&hellip;]","og_url":"https:\/\/cji.uniri.hr\/hr\/advancing-the-european-multilingual-experience-atheme-fp7\/","og_site_name":"Centar za jezi\u010dna istra\u017eivanja","article_publisher":"https:\/\/www.facebook.com\/CLARIJEKA","article_published_time":"2015-10-09T00:20:03+00:00","article_modified_time":"2015-10-21T15:10:33+00:00","author":"Benedikt Perak","twitter_card":"summary_large_image","twitter_misc":{"Napisao\/la":"Benedikt Perak","Procijenjeno vrijeme \u010ditanja":"1 minuta"},"schema":{"@context":"https:\/\/schema.org","@graph":[{"@type":"Article","@id":"https:\/\/cji.uniri.hr\/hr\/advancing-the-european-multilingual-experience-atheme-fp7\/#article","isPartOf":{"@id":"https:\/\/cji.uniri.hr\/hr\/advancing-the-european-multilingual-experience-atheme-fp7\/"},"author":{"name":"Benedikt Perak","@id":"https:\/\/cji.uniri.hr\/en\/#\/schema\/person\/9d637a80bb9ed9fcf7e9cabbcf4e4e09"},"headline":"Advancing the European Multilingual Experience (AThEME), FP7","datePublished":"2015-10-09T00:20:03+00:00","dateModified":"2015-10-21T15:10:33+00:00","mainEntityOfPage":{"@id":"https:\/\/cji.uniri.hr\/hr\/advancing-the-european-multilingual-experience-atheme-fp7\/"},"wordCount":207,"publisher":{"@id":"https:\/\/cji.uniri.hr\/en\/#organization"},"articleSection":["Projects"],"inLanguage":"hr"},{"@type":"WebPage","@id":"https:\/\/cji.uniri.hr\/hr\/advancing-the-european-multilingual-experience-atheme-fp7\/","url":"https:\/\/cji.uniri.hr\/hr\/advancing-the-european-multilingual-experience-atheme-fp7\/","name":"Advancing the European Multilingual Experience (AThEME), FP7 - Centar za jezi\u010dna istra\u017eivanja","isPartOf":{"@id":"https:\/\/cji.uniri.hr\/en\/#website"},"datePublished":"2015-10-09T00:20:03+00:00","dateModified":"2015-10-21T15:10:33+00:00","breadcrumb":{"@id":"https:\/\/cji.uniri.hr\/hr\/advancing-the-european-multilingual-experience-atheme-fp7\/#breadcrumb"},"inLanguage":"hr","potentialAction":[{"@type":"ReadAction","target":["https:\/\/cji.uniri.hr\/hr\/advancing-the-european-multilingual-experience-atheme-fp7\/"]}]},{"@type":"BreadcrumbList","@id":"https:\/\/cji.uniri.hr\/hr\/advancing-the-european-multilingual-experience-atheme-fp7\/#breadcrumb","itemListElement":[{"@type":"ListItem","position":1,"name":"Po\u010detna stranica","item":"https:\/\/cji.uniri.hr\/en\/"},{"@type":"ListItem","position":2,"name":"Advancing the European Multilingual Experience (AThEME), FP7"}]},{"@type":"WebSite","@id":"https:\/\/cji.uniri.hr\/en\/#website","url":"https:\/\/cji.uniri.hr\/en\/","name":"Centar za jezi\u010dna istra\u017eivanja","description":"","publisher":{"@id":"https:\/\/cji.uniri.hr\/en\/#organization"},"potentialAction":[{"@type":"SearchAction","target":{"@type":"EntryPoint","urlTemplate":"https:\/\/cji.uniri.hr\/en\/?s={search_term_string}"},"query-input":"required name=search_term_string"}],"inLanguage":"hr"},{"@type":"Organization","@id":"https:\/\/cji.uniri.hr\/en\/#organization","name":"Centar za jezi\u010dna istra\u017eivanja","url":"https:\/\/cji.uniri.hr\/en\/","logo":{"@type":"ImageObject","inLanguage":"hr","@id":"https:\/\/cji.uniri.hr\/en\/#\/schema\/logo\/image\/","url":"https:\/\/cji.uniri.hr\/wp-content\/uploads\/cji_logo-removebg-preview-1-e1695380857613.png","contentUrl":"https:\/\/cji.uniri.hr\/wp-content\/uploads\/cji_logo-removebg-preview-1-e1695380857613.png","width":170,"height":170,"caption":"Centar za jezi\u010dna istra\u017eivanja"},"image":{"@id":"https:\/\/cji.uniri.hr\/en\/#\/schema\/logo\/image\/"},"sameAs":["https:\/\/www.facebook.com\/CLARIJEKA"]},{"@type":"Person","@id":"https:\/\/cji.uniri.hr\/en\/#\/schema\/person\/9d637a80bb9ed9fcf7e9cabbcf4e4e09","name":"Benedikt Perak","image":{"@type":"ImageObject","inLanguage":"hr","@id":"https:\/\/cji.uniri.hr\/en\/#\/schema\/person\/image\/","url":"https:\/\/secure.gravatar.com\/avatar\/9683786c9e2289a734962581a6842850?s=96&d=mm&r=g","contentUrl":"https:\/\/secure.gravatar.com\/avatar\/9683786c9e2289a734962581a6842850?s=96&d=mm&r=g","caption":"Benedikt Perak"},"url":"https:\/\/cji.uniri.hr\/hr\/author\/bperak\/"}]}},"_links":{"self":[{"href":"https:\/\/cji.uniri.hr\/hr\/wp-json\/wp\/v2\/posts\/465"}],"collection":[{"href":"https:\/\/cji.uniri.hr\/hr\/wp-json\/wp\/v2\/posts"}],"about":[{"href":"https:\/\/cji.uniri.hr\/hr\/wp-json\/wp\/v2\/types\/post"}],"author":[{"embeddable":true,"href":"https:\/\/cji.uniri.hr\/hr\/wp-json\/wp\/v2\/users\/5"}],"replies":[{"embeddable":true,"href":"https:\/\/cji.uniri.hr\/hr\/wp-json\/wp\/v2\/comments?post=465"}],"version-history":[{"count":2,"href":"https:\/\/cji.uniri.hr\/hr\/wp-json\/wp\/v2\/posts\/465\/revisions"}],"predecessor-version":[{"id":551,"href":"https:\/\/cji.uniri.hr\/hr\/wp-json\/wp\/v2\/posts\/465\/revisions\/551"}],"wp:attachment":[{"href":"https:\/\/cji.uniri.hr\/hr\/wp-json\/wp\/v2\/media?parent=465"}],"wp:term":[{"taxonomy":"category","embeddable":true,"href":"https:\/\/cji.uniri.hr\/hr\/wp-json\/wp\/v2\/categories?post=465"},{"taxonomy":"post_tag","embeddable":true,"href":"https:\/\/cji.uniri.hr\/hr\/wp-json\/wp\/v2\/tags?post=465"}],"curies":[{"name":"wp","href":"https:\/\/api.w.org\/{rel}","templated":true}]}}